{"id":66345,"date":"2021-01-08T14:12:46","date_gmt":"2021-01-08T20:12:46","guid":{"rendered":"http:\/\/www.lospoliticosveracruz.com.mx\/?p=66345"},"modified":"2021-01-08T14:13:35","modified_gmt":"2021-01-08T20:13:35","slug":"hagan-el-gasto","status":"publish","type":"post","link":"https:\/\/lospoliticosveracruz.com.mx\/?p=66345","title":{"rendered":"Hagan el gasto!"},"content":{"rendered":"<p>&nbsp;<\/p>\n<p>El representante de la organizaci\u00f3n SOS, Jes\u00fas Casta\u00f1eda Nevarez, pidi\u00f3 a todos los candidatos a puestos de elecci\u00f3n popular a adquirir gel, cubrebocas y caretas, adem\u00e1s de la publicidad en negocio locales para apoyar a los comerciantes afectados por la pandemia del coronavirus.<br \/>\n\u00abToda su inversi\u00f3n de las campa\u00f1as, tenga un impacto local y que le busque para que tenga un beneficio a la econom\u00eda local \u00ab.<br \/>\nDe otra manera, dijo, solo \u00abnos quedaremos con esta oferta de mentiras, campa\u00f1as de enga\u00f1os y de promesas falsas, sin que haya ning\u00fan resultado en la econom\u00eda de los electores\u00bb.<br \/>\nDerivado de la pandemia por el coronavirus, negocios locales han cerrado debido a la falta de ventas.<br \/>\nAl respecto, Casta\u00f1eda Nevarez, apunt\u00f3 que una ayuda importante ser\u00eda que los candidatos pudieran usar sus prerrogativas para adquirir sus insumos en negocios locales.<br \/>\n\u00abLo que vayan a utilizar como elementos de campa\u00f1a que sea adquirido en las empresas locales\u00bb.<br \/>\nEste a\u00f1o electoral, en Veracruz se renovar\u00e1n 212 alcald\u00edas y el congreso local.<\/p>\n","protected":false},"excerpt":{"rendered":"<p>&nbsp; El representante de la organizaci\u00f3n SOS, Jes\u00fas Casta\u00f1eda Nevarez, pidi\u00f3 a todos los candidatos a puestos de elecci\u00f3n popular a adquirir gel, cubrebocas y caretas, adem\u00e1s de la publicidad en negocio locales para apoyar a los comerciantes afectados por la pandemia del coronavirus. \u00abToda su inversi\u00f3n de las campa\u00f1as, tenga un impacto local y [&hellip;]<\/p>\n","protected":false},"author":2,"featured_media":0,"comment_status":"open","ping_status":"open","sticky":false,"template":"","format":"standard","meta":{"_jetpack_newsletter_access":"","_jetpack_dont_email_post_to_subs":false,"_jetpack_newsletter_tier_id":0,"_jetpack_memberships_contains_paywalled_content":false,"_jetpack_memberships_contains_paid_content":false,"footnotes":""},"categories":[6446],"tags":[2334,16264,22114,553,10677,25012,25013,195],"class_list":["post-66345","post","type-post","status-publish","format-standard","hentry","category-la-nota","tag-campanas","tag-coronavirus","tag-economia-local","tag-eleccion-popular","tag-jesus-castaneda-nevarez","tag-organizacion-sos","tag-promesas-falsas","tag-veracruz"],"jetpack_featured_media_url":"","jetpack_sharing_enabled":true,"jetpack_shortlink":"https:\/\/wp.me\/p4Qcd3-hg5","_links":{"self":[{"href":"https:\/\/lospoliticosveracruz.com.mx\/index.php?rest_route=\/wp\/v2\/posts\/66345","targetHints":{"allow":["GET"]}}],"collection":[{"href":"https:\/\/lospoliticosveracruz.com.mx\/index.php?rest_route=\/wp\/v2\/posts"}],"about":[{"href":"https:\/\/lospoliticosveracruz.com.mx\/index.php?rest_route=\/wp\/v2\/types\/post"}],"author":[{"embeddable":true,"href":"https:\/\/lospoliticosveracruz.com.mx\/index.php?rest_route=\/wp\/v2\/users\/2"}],"replies":[{"embeddable":true,"href":"https:\/\/lospoliticosveracruz.com.mx\/index.php?rest_route=%2Fwp%2Fv2%2Fcomments&post=66345"}],"version-history":[{"count":1,"href":"https:\/\/lospoliticosveracruz.com.mx\/index.php?rest_route=\/wp\/v2\/posts\/66345\/revisions"}],"predecessor-version":[{"id":66346,"href":"https:\/\/lospoliticosveracruz.com.mx\/index.php?rest_route=\/wp\/v2\/posts\/66345\/revisions\/66346"}],"wp:attachment":[{"href":"https:\/\/lospoliticosveracruz.com.mx\/index.php?rest_route=%2Fwp%2Fv2%2Fmedia&parent=66345"}],"wp:term":[{"taxonomy":"category","embeddable":true,"href":"https:\/\/lospoliticosveracruz.com.mx\/index.php?rest_route=%2Fwp%2Fv2%2Fcategories&post=66345"},{"taxonomy":"post_tag","embeddable":true,"href":"https:\/\/lospoliticosveracruz.com.mx\/index.php?rest_route=%2Fwp%2Fv2%2Ftags&post=66345"}],"curies":[{"name":"wp","href":"https:\/\/api.w.org\/{rel}","templated":true}]}}