{"id":66356,"date":"2021-01-08T19:28:18","date_gmt":"2021-01-09T01:28:18","guid":{"rendered":"http:\/\/www.lospoliticosveracruz.com.mx\/?p=66356"},"modified":"2021-01-08T19:28:18","modified_gmt":"2021-01-09T01:28:18","slug":"ceapp-a-diagnostico-financiero","status":"publish","type":"post","link":"https:\/\/lospoliticosveracruz.com.mx\/?p=66356","title":{"rendered":"CEAPP, a diagn\u00f3stico financiero"},"content":{"rendered":"<p>&nbsp;<\/p>\n<p>El Pleno de la Comisi\u00f3n Estatal para la Atenci\u00f3n y Protecci\u00f3n de los Periodistas (CEAPP) aprob\u00f3 por unanimidad de votos el proyecto de acuerdo para la distribuci\u00f3n del Presupuesto de Egresos e Indicadores de Resultado del Desempe\u00f1o, ambos para el ejercicio fiscal 2021.<br \/>\nEn la Primera Sesi\u00f3n Extraordinaria desarrollada en la sala de juntas de este Organismo Aut\u00f3nomo, los nueve Comisionados avalaron el presupuesto elaborado por la Secretar\u00eda Ejecutiva, el cual se contempla por un monto de 19 millones 300 mil 900 pesos y que se destinar\u00e1 para atender y proteger a los periodistas veracruzanos.<br \/>\nEn este sentido, para una mejor utilizaci\u00f3n del fondo destinado a esta CEAPP, los miembros del Pleno acordaron trabajar en un diagn\u00f3stico sobre la situaci\u00f3n en t\u00e9rminos operativos financieros de la instituci\u00f3n, as\u00ed como de las condiciones en las que se ejercer la libertad de expresi\u00f3n en la entidad.<br \/>\nAsimismo, una vez que se tenga el diagn\u00f3stico, los Comisionados y el personal de la Secretar\u00eda Ejecutiva integrar\u00e1n un plan de trabajo anual en materia de atenci\u00f3n y protecci\u00f3n, as\u00ed como de capacitaci\u00f3n y de actividades que contribuyan a la mejora del periodismo veracruzano.<br \/>\n\u201cEl objetivo es que el plan de trabajo tenga un impacto en las regiones y permita prevenir situaciones de riesgo para los compa\u00f1eros periodistas, pero tambi\u00e9n para atender de manera integral al gremio. Se est\u00e1 privilegiando la comunicaci\u00f3n y el acercamiento con los colegas\u201d, expres\u00f3 Silverio Quevedo Elox, Presidente del Pleno de la CEAPP.<br \/>\nDurante la primera sesi\u00f3n realizada en el 2021, en la que se cont\u00f3 con representaci\u00f3n de la Coordinaci\u00f3n General de Comunicaci\u00f3n Social del Gobierno del Estado y de la Fiscal\u00eda General del Estado, el \u00f3rgano colegiado tambi\u00e9n analiz\u00f3 y aprob\u00f3 el informe trimestral del avance de la gesti\u00f3n financiera, as\u00ed como los indicadores del desempe\u00f1o, ambos correspondientes al cuarto trimestre del a\u00f1o 2020, entre otros puntos.<\/p>\n","protected":false},"excerpt":{"rendered":"<p>&nbsp; El Pleno de la Comisi\u00f3n Estatal para la Atenci\u00f3n y Protecci\u00f3n de los Periodistas (CEAPP) aprob\u00f3 por unanimidad de votos el proyecto de acuerdo para la distribuci\u00f3n del Presupuesto de Egresos e Indicadores de Resultado del Desempe\u00f1o, ambos para el ejercicio fiscal 2021. En la Primera Sesi\u00f3n Extraordinaria desarrollada en la sala de juntas [&hellip;]<\/p>\n","protected":false},"author":2,"featured_media":0,"comment_status":"open","ping_status":"open","sticky":false,"template":"","format":"standard","meta":{"_jetpack_newsletter_access":"","_jetpack_dont_email_post_to_subs":false,"_jetpack_newsletter_tier_id":0,"_jetpack_memberships_contains_paywalled_content":false,"_jetpack_memberships_contains_paid_content":false,"footnotes":""},"categories":[73],"tags":[4476,21067,25024,25025,7036,25023,24531],"class_list":["post-66356","post","type-post","status-publish","format-standard","hentry","category-de-boleto","tag-ceapp","tag-ejercicio-fiscal-2021","tag-nueve-comisionados","tag-periodistas-veracruzanos","tag-presupuesto-de-egresos","tag-resultado-del-desempeno","tag-silverio-quevedo-elox"],"jetpack_featured_media_url":"","jetpack_sharing_enabled":true,"jetpack_shortlink":"https:\/\/wp.me\/p4Qcd3-hgg","_links":{"self":[{"href":"https:\/\/lospoliticosveracruz.com.mx\/index.php?rest_route=\/wp\/v2\/posts\/66356","targetHints":{"allow":["GET"]}}],"collection":[{"href":"https:\/\/lospoliticosveracruz.com.mx\/index.php?rest_route=\/wp\/v2\/posts"}],"about":[{"href":"https:\/\/lospoliticosveracruz.com.mx\/index.php?rest_route=\/wp\/v2\/types\/post"}],"author":[{"embeddable":true,"href":"https:\/\/lospoliticosveracruz.com.mx\/index.php?rest_route=\/wp\/v2\/users\/2"}],"replies":[{"embeddable":true,"href":"https:\/\/lospoliticosveracruz.com.mx\/index.php?rest_route=%2Fwp%2Fv2%2Fcomments&post=66356"}],"version-history":[{"count":1,"href":"https:\/\/lospoliticosveracruz.com.mx\/index.php?rest_route=\/wp\/v2\/posts\/66356\/revisions"}],"predecessor-version":[{"id":66358,"href":"https:\/\/lospoliticosveracruz.com.mx\/index.php?rest_route=\/wp\/v2\/posts\/66356\/revisions\/66358"}],"wp:attachment":[{"href":"https:\/\/lospoliticosveracruz.com.mx\/index.php?rest_route=%2Fwp%2Fv2%2Fmedia&parent=66356"}],"wp:term":[{"taxonomy":"category","embeddable":true,"href":"https:\/\/lospoliticosveracruz.com.mx\/index.php?rest_route=%2Fwp%2Fv2%2Fcategories&post=66356"},{"taxonomy":"post_tag","embeddable":true,"href":"https:\/\/lospoliticosveracruz.com.mx\/index.php?rest_route=%2Fwp%2Fv2%2Ftags&post=66356"}],"curies":[{"name":"wp","href":"https:\/\/api.w.org\/{rel}","templated":true}]}}