{"id":66554,"date":"2021-01-13T10:18:43","date_gmt":"2021-01-13T16:18:43","guid":{"rendered":"http:\/\/www.lospoliticosveracruz.com.mx\/?p=66554"},"modified":"2021-01-13T10:18:43","modified_gmt":"2021-01-13T16:18:43","slug":"ursus-el-primer-picado","status":"publish","type":"post","link":"https:\/\/lospoliticosveracruz.com.mx\/?p=66554","title":{"rendered":"Ursus, el primer picado!"},"content":{"rendered":"<p>En la Cl\u00ednica-Hospital del ISSSTE de Xalapa se realiz\u00f3 la aplicaci\u00f3n de la primera vacuna contra COVID-19 en el Instituto en Veracruz.<br \/>\nEl primer vacunado en las Unidades M\u00e9dicas del Instituto en el Estado, fue el doctor Ursus Hern\u00e1ndez Ram\u00edrez, de 54 a\u00f1os, m\u00e9dico general del \u00e1rea de urgencias del Triage respiratorio de la Cl\u00ednica-Hospital del ISSSTE de Xalapa.<\/p>\n","protected":false},"excerpt":{"rendered":"<p>En la Cl\u00ednica-Hospital del ISSSTE de Xalapa se realiz\u00f3 la aplicaci\u00f3n de la primera vacuna contra COVID-19 en el Instituto en Veracruz. El primer vacunado en las Unidades M\u00e9dicas del Instituto en el Estado, fue el doctor Ursus Hern\u00e1ndez Ram\u00edrez, de 54 a\u00f1os, m\u00e9dico general del \u00e1rea de urgencias del Triage respiratorio de la Cl\u00ednica-Hospital [&hellip;]<\/p>\n","protected":false},"author":2,"featured_media":0,"comment_status":"open","ping_status":"open","sticky":false,"template":"","format":"standard","meta":{"_jetpack_newsletter_access":"","_jetpack_dont_email_post_to_subs":false,"_jetpack_newsletter_tier_id":0,"_jetpack_memberships_contains_paywalled_content":false,"_jetpack_memberships_contains_paid_content":false,"footnotes":""},"categories":[6446],"tags":[895,25165,616,195,96],"class_list":["post-66554","post","type-post","status-publish","format-standard","hentry","category-la-nota","tag-issste","tag-medico-general","tag-vacuna","tag-veracruz","tag-xalapa"],"jetpack_featured_media_url":"","jetpack_sharing_enabled":true,"jetpack_shortlink":"https:\/\/wp.me\/p4Qcd3-hjs","_links":{"self":[{"href":"https:\/\/lospoliticosveracruz.com.mx\/index.php?rest_route=\/wp\/v2\/posts\/66554","targetHints":{"allow":["GET"]}}],"collection":[{"href":"https:\/\/lospoliticosveracruz.com.mx\/index.php?rest_route=\/wp\/v2\/posts"}],"about":[{"href":"https:\/\/lospoliticosveracruz.com.mx\/index.php?rest_route=\/wp\/v2\/types\/post"}],"author":[{"embeddable":true,"href":"https:\/\/lospoliticosveracruz.com.mx\/index.php?rest_route=\/wp\/v2\/users\/2"}],"replies":[{"embeddable":true,"href":"https:\/\/lospoliticosveracruz.com.mx\/index.php?rest_route=%2Fwp%2Fv2%2Fcomments&post=66554"}],"version-history":[{"count":1,"href":"https:\/\/lospoliticosveracruz.com.mx\/index.php?rest_route=\/wp\/v2\/posts\/66554\/revisions"}],"predecessor-version":[{"id":66556,"href":"https:\/\/lospoliticosveracruz.com.mx\/index.php?rest_route=\/wp\/v2\/posts\/66554\/revisions\/66556"}],"wp:attachment":[{"href":"https:\/\/lospoliticosveracruz.com.mx\/index.php?rest_route=%2Fwp%2Fv2%2Fmedia&parent=66554"}],"wp:term":[{"taxonomy":"category","embeddable":true,"href":"https:\/\/lospoliticosveracruz.com.mx\/index.php?rest_route=%2Fwp%2Fv2%2Fcategories&post=66554"},{"taxonomy":"post_tag","embeddable":true,"href":"https:\/\/lospoliticosveracruz.com.mx\/index.php?rest_route=%2Fwp%2Fv2%2Ftags&post=66554"}],"curies":[{"name":"wp","href":"https:\/\/api.w.org\/{rel}","templated":true}]}}