{"id":66565,"date":"2021-01-13T13:14:37","date_gmt":"2021-01-13T19:14:37","guid":{"rendered":"http:\/\/www.lospoliticosveracruz.com.mx\/?p=66565"},"modified":"2021-01-13T13:14:37","modified_gmt":"2021-01-13T19:14:37","slug":"robachicos-el-nuevo-terror-en-veracruz","status":"publish","type":"post","link":"https:\/\/lospoliticosveracruz.com.mx\/?p=66565","title":{"rendered":"Robachicos, el nuevo terror en Veracruz"},"content":{"rendered":"<p>La representante del Colectivo Solecito en Veracruz, Luc\u00eda de los \u00c1ngeles D\u00edaz Henao, inform\u00f3 que tan solo en el a\u00f1o pasado se tuvo conocimiento de m\u00e1s de  450 desapariciones de menores de edad.<br \/>\n\u00abLas desapariciones han  continuado, no se ha visto una disminuci\u00f3n real y ahora tenemos el fen\u00f3meno m\u00e1s terrible de las desapariciones, la de los j\u00f3venes menores de edad que se ha incrementado brutal. Este a\u00f1o pasado yo tengo noticia de ni\u00f1as y ni\u00f1os, de unos 450\u00bb, denunci\u00f3.<br \/>\nEn entrevista, la activista social explic\u00f3 que las desapariciones de esos j\u00f3venes obedecen a problemas familiares.<br \/>\n\u00abEs un hecho real, en una semana hemos visto como desaparecen de 12 a 15 chicas menores de edad. La Comisi\u00f3n de B\u00fasqueda m\u00e1s o menos se encarga, pero habr\u00eda que ver las ra\u00edces de \u00e9sto. Una chica incluso si la encuentran, pero que pase dos o tres d\u00edas con personas ajenas, no creo que sea una buena experiencia para esa chica\u00bb.<br \/>\nD\u00edaz Henao, pidi\u00f3 a las  autoridades se pongan a trabajar, un ejemplo de la presi\u00f3n de la sociedad fue el de la nutri\u00f3loga Samara Arroyo Lemarroy.<br \/>\n\u00abLa impunidad es la madre de todo lo que estamos viviendo. La impunidad es el factor de origen de todo esto, porque los hacen porque saben que van a pasar dos meses en un problema, despu\u00e9s van a estar libres y estar\u00e1n como si nada\u00bb.<br \/>\nEn otro tema, D\u00edaz Henao adelant\u00f3 que solicitar\u00e1n a la titular del Instituto de Pensiones del Estado, Daniela Griego Ceballos, que les permitan hacer b\u00fasqueda en la extinta Estancia Garnica, que por un tiempo fue cuartel de las fuerzas del orden y que ahora ya recuper\u00f3.<br \/>\n\u00abNosotros lo vamos a solicitar, porque hay bastantes declaraciones, cuando tienes en las redes declaraciones de personas, an\u00f3nimas, nosotros juntamos todo, lo presentamos en un oficio, porque por alguna raz\u00f3n hay toda esta narrativa alrededor de Garnica, si no hay, qu\u00e9 bueno, pero si llegara a haber queremos regresarlos con sus seres amados\u00bb, asever\u00f3.<\/p>\n","protected":false},"excerpt":{"rendered":"<p>La representante del Colectivo Solecito en Veracruz, Luc\u00eda de los \u00c1ngeles D\u00edaz Henao, inform\u00f3 que tan solo en el a\u00f1o pasado se tuvo conocimiento de m\u00e1s de 450 desapariciones de menores de edad. \u00abLas desapariciones han continuado, no se ha visto una disminuci\u00f3n real y ahora tenemos el fen\u00f3meno m\u00e1s terrible de las desapariciones, la [&hellip;]<\/p>\n","protected":false},"author":2,"featured_media":0,"comment_status":"open","ping_status":"open","sticky":false,"template":"","format":"standard","meta":{"_jetpack_newsletter_access":"","_jetpack_dont_email_post_to_subs":false,"_jetpack_newsletter_tier_id":0,"_jetpack_memberships_contains_paywalled_content":false,"_jetpack_memberships_contains_paid_content":false,"footnotes":""},"categories":[6446],"tags":[7930,24789,25173,2805,25174,195],"class_list":["post-66565","post","type-post","status-publish","format-standard","hentry","category-la-nota","tag-colectivo-solecito","tag-comision-de-busqueda","tag-desaparcion-de-menores","tag-jovenes","tag-lucia-de-los-angeles-diaz-henao","tag-veracruz"],"jetpack_featured_media_url":"","jetpack_sharing_enabled":true,"jetpack_shortlink":"https:\/\/wp.me\/p4Qcd3-hjD","_links":{"self":[{"href":"https:\/\/lospoliticosveracruz.com.mx\/index.php?rest_route=\/wp\/v2\/posts\/66565","targetHints":{"allow":["GET"]}}],"collection":[{"href":"https:\/\/lospoliticosveracruz.com.mx\/index.php?rest_route=\/wp\/v2\/posts"}],"about":[{"href":"https:\/\/lospoliticosveracruz.com.mx\/index.php?rest_route=\/wp\/v2\/types\/post"}],"author":[{"embeddable":true,"href":"https:\/\/lospoliticosveracruz.com.mx\/index.php?rest_route=\/wp\/v2\/users\/2"}],"replies":[{"embeddable":true,"href":"https:\/\/lospoliticosveracruz.com.mx\/index.php?rest_route=%2Fwp%2Fv2%2Fcomments&post=66565"}],"version-history":[{"count":1,"href":"https:\/\/lospoliticosveracruz.com.mx\/index.php?rest_route=\/wp\/v2\/posts\/66565\/revisions"}],"predecessor-version":[{"id":66567,"href":"https:\/\/lospoliticosveracruz.com.mx\/index.php?rest_route=\/wp\/v2\/posts\/66565\/revisions\/66567"}],"wp:attachment":[{"href":"https:\/\/lospoliticosveracruz.com.mx\/index.php?rest_route=%2Fwp%2Fv2%2Fmedia&parent=66565"}],"wp:term":[{"taxonomy":"category","embeddable":true,"href":"https:\/\/lospoliticosveracruz.com.mx\/index.php?rest_route=%2Fwp%2Fv2%2Fcategories&post=66565"},{"taxonomy":"post_tag","embeddable":true,"href":"https:\/\/lospoliticosveracruz.com.mx\/index.php?rest_route=%2Fwp%2Fv2%2Ftags&post=66565"}],"curies":[{"name":"wp","href":"https:\/\/api.w.org\/{rel}","templated":true}]}}