{"id":66697,"date":"2021-01-15T16:42:37","date_gmt":"2021-01-15T22:42:37","guid":{"rendered":"http:\/\/www.lospoliticosveracruz.com.mx\/?p=66697"},"modified":"2021-01-15T16:42:37","modified_gmt":"2021-01-15T22:42:37","slug":"sera-una-tiznadita","status":"publish","type":"post","link":"https:\/\/lospoliticosveracruz.com.mx\/?p=66697","title":{"rendered":"Ser\u00e1 una tiznadita!"},"content":{"rendered":"<p>&nbsp;<\/p>\n<p><em><strong>Xalapa<\/strong><\/em><\/p>\n<p>&nbsp;<\/p>\n<p>Por el coronavirus, en la Arquidi\u00f3cesis de Xalapa, la cruz de ceniza que se pon\u00eda en la frente, al inicio de la Cuaresma,, ahora ser\u00e1 en la cabeza y desde una sana distancia, inform\u00f3 el vocero cat\u00f3lico, Jos\u00e9 Manuel Suazo Reyes.<br \/>\n\u00abEn lugar de ponerle en la frente las cenizas, se est\u00e1 sugiriendo que por la pandemia, se deber\u00e1 roc\u00edar un poquito arriba en la cabeza\u00bb.<br \/>\nSuazo Reyes, indico que en febrero inicia la Cuaresma para la religi\u00f3n cat\u00f3lica.<br \/>\nEn la tradici\u00f3n cat\u00f3lica, cada Mi\u00e9rcoles de Ceniza los feligreses van a la iglesia para que el sacerdote les coloque una cruz de ceniza en la frente, como s\u00edmbolo al verso del G\u00e9nesis 3:19 \u201cFuiste hecho de polvo y al polvo volver\u00e1s\u00bb.<br \/>\nAl respecto, para este a\u00f1o eso cambiar\u00e1 porque el sacerdote tomar\u00e1 un poco de ceniza y se lo dejar\u00e1 caer en la cabeza .<\/p>\n","protected":false},"excerpt":{"rendered":"<p>&nbsp; Xalapa &nbsp; Por el coronavirus, en la Arquidi\u00f3cesis de Xalapa, la cruz de ceniza que se pon\u00eda en la frente, al inicio de la Cuaresma,, ahora ser\u00e1 en la cabeza y desde una sana distancia, inform\u00f3 el vocero cat\u00f3lico, Jos\u00e9 Manuel Suazo Reyes. \u00abEn lugar de ponerle en la frente las cenizas, se est\u00e1 [&hellip;]<\/p>\n","protected":false},"author":2,"featured_media":0,"comment_status":"open","ping_status":"open","sticky":false,"template":"","format":"standard","meta":{"_jetpack_newsletter_access":"","_jetpack_dont_email_post_to_subs":false,"_jetpack_newsletter_tier_id":0,"_jetpack_memberships_contains_paywalled_content":false,"_jetpack_memberships_contains_paid_content":false,"footnotes":""},"categories":[6446],"tags":[1406,4786,16264,25281,16482,4785,6713,16657],"class_list":["post-66697","post","type-post","status-publish","format-standard","hentry","category-la-nota","tag-arquidiocesis-de-xalapa","tag-catolicos","tag-coronavirus","tag-cuaresma","tag-febrero","tag-feligreses","tag-jose-manuel-suazo-reyes","tag-miercoles-de-ceniza"],"jetpack_featured_media_url":"","jetpack_sharing_enabled":true,"jetpack_shortlink":"https:\/\/wp.me\/p4Qcd3-hlL","_links":{"self":[{"href":"https:\/\/lospoliticosveracruz.com.mx\/index.php?rest_route=\/wp\/v2\/posts\/66697","targetHints":{"allow":["GET"]}}],"collection":[{"href":"https:\/\/lospoliticosveracruz.com.mx\/index.php?rest_route=\/wp\/v2\/posts"}],"about":[{"href":"https:\/\/lospoliticosveracruz.com.mx\/index.php?rest_route=\/wp\/v2\/types\/post"}],"author":[{"embeddable":true,"href":"https:\/\/lospoliticosveracruz.com.mx\/index.php?rest_route=\/wp\/v2\/users\/2"}],"replies":[{"embeddable":true,"href":"https:\/\/lospoliticosveracruz.com.mx\/index.php?rest_route=%2Fwp%2Fv2%2Fcomments&post=66697"}],"version-history":[{"count":1,"href":"https:\/\/lospoliticosveracruz.com.mx\/index.php?rest_route=\/wp\/v2\/posts\/66697\/revisions"}],"predecessor-version":[{"id":66699,"href":"https:\/\/lospoliticosveracruz.com.mx\/index.php?rest_route=\/wp\/v2\/posts\/66697\/revisions\/66699"}],"wp:attachment":[{"href":"https:\/\/lospoliticosveracruz.com.mx\/index.php?rest_route=%2Fwp%2Fv2%2Fmedia&parent=66697"}],"wp:term":[{"taxonomy":"category","embeddable":true,"href":"https:\/\/lospoliticosveracruz.com.mx\/index.php?rest_route=%2Fwp%2Fv2%2Fcategories&post=66697"},{"taxonomy":"post_tag","embeddable":true,"href":"https:\/\/lospoliticosveracruz.com.mx\/index.php?rest_route=%2Fwp%2Fv2%2Ftags&post=66697"}],"curies":[{"name":"wp","href":"https:\/\/api.w.org\/{rel}","templated":true}]}}