{"id":66738,"date":"2021-01-17T13:24:18","date_gmt":"2021-01-17T19:24:18","guid":{"rendered":"http:\/\/www.lospoliticosveracruz.com.mx\/?p=66738"},"modified":"2021-01-17T13:24:18","modified_gmt":"2021-01-17T19:24:18","slug":"el-chiquis-no-se-duerme","status":"publish","type":"post","link":"https:\/\/lospoliticosveracruz.com.mx\/?p=66738","title":{"rendered":"El Chiquis no se duerme!"},"content":{"rendered":"<p>&nbsp;<\/p>\n<p>En sus redes sociales, Miguel \u00c1ngel Yunes M\u00e1rquez, en la otra Parroquia porte\u00f1a, pon\u00eda el siguiente texto: \u00abTuve la oportunidad de platicar con mi amigo Danilo Alv\u00edzar. Reconozco el talento y liderazgo que ha demostrado a lo largo de tantos a\u00f1os de trabajo en favor de la gente. \u00a1Nos comprometimos en ir juntos en la lucha por un mejor Veracruz!\u00bb<\/p>\n","protected":false},"excerpt":{"rendered":"<p>&nbsp; En sus redes sociales, Miguel \u00c1ngel Yunes M\u00e1rquez, en la otra Parroquia porte\u00f1a, pon\u00eda el siguiente texto: \u00abTuve la oportunidad de platicar con mi amigo Danilo Alv\u00edzar. Reconozco el talento y liderazgo que ha demostrado a lo largo de tantos a\u00f1os de trabajo en favor de la gente. \u00a1Nos comprometimos en ir juntos en [&hellip;]<\/p>\n","protected":false},"author":2,"featured_media":0,"comment_status":"open","ping_status":"open","sticky":false,"template":"","format":"standard","meta":{"_jetpack_newsletter_access":"","_jetpack_dont_email_post_to_subs":false,"_jetpack_newsletter_tier_id":0,"_jetpack_memberships_contains_paywalled_content":false,"_jetpack_memberships_contains_paid_content":false,"footnotes":""},"categories":[308],"tags":[1083,25306,536,25305,195],"class_list":["post-66738","post","type-post","status-publish","format-standard","hentry","category-retratos","tag-cafe","tag-danilo-alvizar","tag-miguel-angel-yunes-marquez","tag-parroquia","tag-veracruz"],"jetpack_featured_media_url":"","jetpack_sharing_enabled":true,"jetpack_shortlink":"https:\/\/wp.me\/p4Qcd3-hmq","_links":{"self":[{"href":"https:\/\/lospoliticosveracruz.com.mx\/index.php?rest_route=\/wp\/v2\/posts\/66738","targetHints":{"allow":["GET"]}}],"collection":[{"href":"https:\/\/lospoliticosveracruz.com.mx\/index.php?rest_route=\/wp\/v2\/posts"}],"about":[{"href":"https:\/\/lospoliticosveracruz.com.mx\/index.php?rest_route=\/wp\/v2\/types\/post"}],"author":[{"embeddable":true,"href":"https:\/\/lospoliticosveracruz.com.mx\/index.php?rest_route=\/wp\/v2\/users\/2"}],"replies":[{"embeddable":true,"href":"https:\/\/lospoliticosveracruz.com.mx\/index.php?rest_route=%2Fwp%2Fv2%2Fcomments&post=66738"}],"version-history":[{"count":1,"href":"https:\/\/lospoliticosveracruz.com.mx\/index.php?rest_route=\/wp\/v2\/posts\/66738\/revisions"}],"predecessor-version":[{"id":66740,"href":"https:\/\/lospoliticosveracruz.com.mx\/index.php?rest_route=\/wp\/v2\/posts\/66738\/revisions\/66740"}],"wp:attachment":[{"href":"https:\/\/lospoliticosveracruz.com.mx\/index.php?rest_route=%2Fwp%2Fv2%2Fmedia&parent=66738"}],"wp:term":[{"taxonomy":"category","embeddable":true,"href":"https:\/\/lospoliticosveracruz.com.mx\/index.php?rest_route=%2Fwp%2Fv2%2Fcategories&post=66738"},{"taxonomy":"post_tag","embeddable":true,"href":"https:\/\/lospoliticosveracruz.com.mx\/index.php?rest_route=%2Fwp%2Fv2%2Ftags&post=66738"}],"curies":[{"name":"wp","href":"https:\/\/api.w.org\/{rel}","templated":true}]}}