{"id":66771,"date":"2021-01-18T10:19:26","date_gmt":"2021-01-18T16:19:26","guid":{"rendered":"http:\/\/www.lospoliticosveracruz.com.mx\/?p=66771"},"modified":"2021-01-18T10:19:26","modified_gmt":"2021-01-18T16:19:26","slug":"edmundo-martinez-zaleta","status":"publish","type":"post","link":"https:\/\/lospoliticosveracruz.com.mx\/?p=66771","title":{"rendered":"Edmundo Mart\u00ednez Zaleta"},"content":{"rendered":"<p><strong>Sergio Gonz\u00e1lez Levet<\/strong><\/p>\n<p><em>Sin tacto<\/em><\/p>\n<p>(El inicio de esta columna lo escribo con todo el respeto posible para el amigo querido que se nos adelant\u00f3. Espero que me comprendan).<br \/>\n\tC\u00f3mo entender que se muri\u00f3 el m\u00e1s vivo de nuestros amigos, que lo era tanto que varios le dec\u00edan, con afecto y con respeto: El Muerto. Tal vez ahora que est\u00e1 en un mejor lugar, el mejor de todos, pervivir\u00e1 en nuestro recuerdo y le empezaremos a decir: El Vivo.<br \/>\n\tPor lo pronto, decid\u00ed escribir unas l\u00edneas en su memoria, que salen no de la mente sino del coraz\u00f3n, adolorido porque el maldito coronavirus se ha llevado una vez m\u00e1s a alguien valioso, que a\u00fan ten\u00eda mucho que aportar. Veracruz sigue perdiendo.<br \/>\n\tEdmundo Mart\u00ednez Zaleta fue un buen alcalde de Papantla, all\u00e1 a fines de los a\u00f1os 90 y del siglo y del milenio. En esos tres a\u00f1os magn\u00edficos logr\u00f3 mejorar la vida de sus paisanos y logr\u00f3 poner orden administrativo en el Ayuntamiento y en el manejo de su presupuesto.<br \/>\n\tDigno de su origen, volaba como todos sus hijos, pero \u00e9l lo hac\u00eda con su imaginaci\u00f3n. Porque Edmundo, como pol\u00edtico, como funcionario, conjuntaba una rara mezcla entre capacidad, conocimiento y valor para emprender proyectos nuevos.<br \/>\n\tAs\u00ed, se dio de alta como un gran presidente municipal que logr\u00f3 mejoras para sus gobernados.<br \/>\n\tY de ah\u00ed se sigui\u00f3 en otras responsabilidades entre las que contamos la dirigencia estatal del PRI, la delegaci\u00f3n de transporte p\u00fablico, la direcci\u00f3n de tr\u00e1nsito municipal de Xalapa.<br \/>\n\tEn esta \u00faltima encomienda, recuerdo que varios periodistas lo escuchamos hablar con un obligado sentido com\u00fan que le permiti\u00f3 precisarnos hasta d\u00f3nde pod\u00eda llegar en sus afanes de componer algo la imposible movilidad capitalina. Sab\u00eda que sus alcances no le daban para proponer obras, para enderezar programas a fondo, para negociar cambios en el transporte p\u00fablico. Sin embargo, s\u00ed hizo todo lo que pudo y en el corto tiempo que estuvo al frente, los veh\u00edculos pudieron andar un poco m\u00e1s r\u00e1pido y los xalape\u00f1os llegar un poco menos tarde que de costumbre a sus citas.<br \/>\n\tEdmundo era hombre de grandes amigos. Entre ellos, H\u00e9ctor Yunes Landa, de quien era suplente como diputado federal y que hoy lo llora como a un compa\u00f1ero leal.<br \/>\n\tEdmundo era un pol\u00edtico a la vieja usanza, o mejor hay que decir a la buena usanza, porque repet\u00eda en sus acciones y pensamientos las virtudes mejores de quienes se han dedicado al sano oficio de trabajar en busca del bienestar de la gente.<br \/>\n\tY era un hombre muy bien informado, requisito indispensable para quieres aspiran a convertirse en estadistas. Cada que nos encontr\u00e1bamos ten\u00eda el gusto de escuchar lo que me dec\u00eda sobre algo que yo hab\u00eda escrito.<br \/>\n\tHoy muchos lo estamos empezando a extra\u00f1ar. Sentimos con gran pena la ausencia de este gran pol\u00edtico veracruzano que ha pasado a la historia.<br \/>\n\tQue descanses en paz, Edmundo&#8230;<\/p>\n<p>sglevet@gmail.com<\/p>\n","protected":false},"excerpt":{"rendered":"<p>Sergio Gonz\u00e1lez Levet Sin tacto (El inicio de esta columna lo escribo con todo el respeto posible para el amigo querido que se nos adelant\u00f3. Espero que me comprendan). C\u00f3mo entender que se muri\u00f3 el m\u00e1s vivo de nuestros amigos, que lo era tanto que varios le dec\u00edan, con afecto y con respeto: El Muerto. [&hellip;]<\/p>\n","protected":false},"author":2,"featured_media":0,"comment_status":"open","ping_status":"open","sticky":false,"template":"","format":"standard","meta":{"_jetpack_newsletter_access":"","_jetpack_dont_email_post_to_subs":false,"_jetpack_newsletter_tier_id":0,"_jetpack_memberships_contains_paywalled_content":false,"_jetpack_memberships_contains_paid_content":false,"footnotes":""},"categories":[70],"tags":[16264,2215,840,18626,251,195,96],"class_list":["post-66771","post","type-post","status-publish","format-standard","hentry","category-de-opinion","tag-coronavirus","tag-edmundo-martinez-zaleta","tag-funcionario","tag-politico","tag-pri","tag-veracruz","tag-xalapa"],"jetpack_featured_media_url":"","jetpack_sharing_enabled":true,"jetpack_shortlink":"https:\/\/wp.me\/p4Qcd3-hmX","_links":{"self":[{"href":"https:\/\/lospoliticosveracruz.com.mx\/index.php?rest_route=\/wp\/v2\/posts\/66771","targetHints":{"allow":["GET"]}}],"collection":[{"href":"https:\/\/lospoliticosveracruz.com.mx\/index.php?rest_route=\/wp\/v2\/posts"}],"about":[{"href":"https:\/\/lospoliticosveracruz.com.mx\/index.php?rest_route=\/wp\/v2\/types\/post"}],"author":[{"embeddable":true,"href":"https:\/\/lospoliticosveracruz.com.mx\/index.php?rest_route=\/wp\/v2\/users\/2"}],"replies":[{"embeddable":true,"href":"https:\/\/lospoliticosveracruz.com.mx\/index.php?rest_route=%2Fwp%2Fv2%2Fcomments&post=66771"}],"version-history":[{"count":1,"href":"https:\/\/lospoliticosveracruz.com.mx\/index.php?rest_route=\/wp\/v2\/posts\/66771\/revisions"}],"predecessor-version":[{"id":66773,"href":"https:\/\/lospoliticosveracruz.com.mx\/index.php?rest_route=\/wp\/v2\/posts\/66771\/revisions\/66773"}],"wp:attachment":[{"href":"https:\/\/lospoliticosveracruz.com.mx\/index.php?rest_route=%2Fwp%2Fv2%2Fmedia&parent=66771"}],"wp:term":[{"taxonomy":"category","embeddable":true,"href":"https:\/\/lospoliticosveracruz.com.mx\/index.php?rest_route=%2Fwp%2Fv2%2Fcategories&post=66771"},{"taxonomy":"post_tag","embeddable":true,"href":"https:\/\/lospoliticosveracruz.com.mx\/index.php?rest_route=%2Fwp%2Fv2%2Ftags&post=66771"}],"curies":[{"name":"wp","href":"https:\/\/api.w.org\/{rel}","templated":true}]}}