{"id":66785,"date":"2021-01-18T14:05:13","date_gmt":"2021-01-18T20:05:13","guid":{"rendered":"http:\/\/www.lospoliticosveracruz.com.mx\/?p=66785"},"modified":"2021-01-18T14:05:13","modified_gmt":"2021-01-18T20:05:13","slug":"les-piden-moche-para-recontratarlos","status":"publish","type":"post","link":"https:\/\/lospoliticosveracruz.com.mx\/?p=66785","title":{"rendered":"Les piden moche para recontratarlos"},"content":{"rendered":"<p><strong>Xalapa<\/strong><\/p>\n<p>En plena pandemia por el coronavirus, personal m\u00e9dico del estado fue despedido y por ello se plantaron este lunes n la Secretaria de Salud y denunciaron que la administradora de la Jurisdicci\u00f3n de Salud de Coatzacoalcos,  Paola Villica\u00f1a V\u00e1zquez pide a empleados parte de su salario para renovarles el contrato.<br \/>\n\u00abVenimos de diferentes \u00e1reas, principalmente del sur del estado y dejaron a varios municipios sin atenci\u00f3n m\u00e9dica para citar algunos municipios como Mecayapan, Pajapan y la localidad de Nuevo Teapa, que pertenece a Moloac\u00e1n\u00bb,   denunci\u00f3 el ex empleado Alberto Cruz.<br \/>\nCon cartulinas y molestos, el personal m\u00e9dico -alrededor de 20 elementos- aclararon que llevaban a\u00f1os trabajando con contrato \u00abporque se trata de contratos de la federaci\u00f3n\u00bb.<br \/>\nLos quejosos tambi\u00e9n denunciaron que en la lucha contra el coronavirus ten\u00edan que comprar sus propios insumos.<\/p>\n","protected":false},"excerpt":{"rendered":"<p>Xalapa En plena pandemia por el coronavirus, personal m\u00e9dico del estado fue despedido y por ello se plantaron este lunes n la Secretaria de Salud y denunciaron que la administradora de la Jurisdicci\u00f3n de Salud de Coatzacoalcos, Paola Villica\u00f1a V\u00e1zquez pide a empleados parte de su salario para renovarles el contrato. \u00abVenimos de diferentes \u00e1reas, [&hellip;]<\/p>\n","protected":false},"author":2,"featured_media":0,"comment_status":"open","ping_status":"open","sticky":false,"template":"","format":"standard","meta":{"_jetpack_newsletter_access":"","_jetpack_dont_email_post_to_subs":false,"_jetpack_newsletter_tier_id":0,"_jetpack_memberships_contains_paywalled_content":false,"_jetpack_memberships_contains_paid_content":false,"footnotes":""},"categories":[6446],"tags":[9509,2116,5724,25332,16929,25333,17483,25335],"class_list":["post-66785","post","type-post","status-publish","format-standard","hentry","category-la-nota","tag-denuncia","tag-despido","tag-empleados","tag-jurisdiccion-coatzacoalcos","tag-pandemia","tag-paola-villicana-vazquez","tag-personal-medico","tag-renovacion-de-contratos"],"jetpack_featured_media_url":"","jetpack_sharing_enabled":true,"jetpack_shortlink":"https:\/\/wp.me\/p4Qcd3-hnb","_links":{"self":[{"href":"https:\/\/lospoliticosveracruz.com.mx\/index.php?rest_route=\/wp\/v2\/posts\/66785","targetHints":{"allow":["GET"]}}],"collection":[{"href":"https:\/\/lospoliticosveracruz.com.mx\/index.php?rest_route=\/wp\/v2\/posts"}],"about":[{"href":"https:\/\/lospoliticosveracruz.com.mx\/index.php?rest_route=\/wp\/v2\/types\/post"}],"author":[{"embeddable":true,"href":"https:\/\/lospoliticosveracruz.com.mx\/index.php?rest_route=\/wp\/v2\/users\/2"}],"replies":[{"embeddable":true,"href":"https:\/\/lospoliticosveracruz.com.mx\/index.php?rest_route=%2Fwp%2Fv2%2Fcomments&post=66785"}],"version-history":[{"count":1,"href":"https:\/\/lospoliticosveracruz.com.mx\/index.php?rest_route=\/wp\/v2\/posts\/66785\/revisions"}],"predecessor-version":[{"id":66787,"href":"https:\/\/lospoliticosveracruz.com.mx\/index.php?rest_route=\/wp\/v2\/posts\/66785\/revisions\/66787"}],"wp:attachment":[{"href":"https:\/\/lospoliticosveracruz.com.mx\/index.php?rest_route=%2Fwp%2Fv2%2Fmedia&parent=66785"}],"wp:term":[{"taxonomy":"category","embeddable":true,"href":"https:\/\/lospoliticosveracruz.com.mx\/index.php?rest_route=%2Fwp%2Fv2%2Fcategories&post=66785"},{"taxonomy":"post_tag","embeddable":true,"href":"https:\/\/lospoliticosveracruz.com.mx\/index.php?rest_route=%2Fwp%2Fv2%2Ftags&post=66785"}],"curies":[{"name":"wp","href":"https:\/\/api.w.org\/{rel}","templated":true}]}}