{"id":66964,"date":"2021-01-21T12:34:38","date_gmt":"2021-01-21T18:34:38","guid":{"rendered":"http:\/\/www.lospoliticosveracruz.com.mx\/?p=66964"},"modified":"2021-01-21T12:38:32","modified_gmt":"2021-01-21T18:38:32","slug":"amor-moteles-y-promociones-en-tiempos-de-covid","status":"publish","type":"post","link":"https:\/\/lospoliticosveracruz.com.mx\/?p=66964","title":{"rendered":"Amor, moteles y promociones, en tiempos de Covid"},"content":{"rendered":"<p><strong>Xalapa<\/strong><\/p>\n<p>Para el 14 de febrero -Dia del Amor y la Amistad-  la Asociaci\u00f3n de Hoteles y Moteles de Xalapa tendr\u00e1 diversas promociones interesantes para este como  el \u00ab3&#215;2\u00bb, \u00abel ma\u00f1anero\u00bb, entre otros, porque debido a la pandemia la ocupaci\u00f3n est\u00e1 a la baja.<br \/>\nEl asesor de esa asociaci\u00f3n, Hilder Lara Hern\u00e1ndez,  explic\u00f3  que algunos  moteles habr\u00e1 promociones con botellas de champagne, botellas de vino, chocolates y fresas, adem\u00e1s de que se contar\u00e1 con las medidas sanitarias correspondientes.<br \/>\n\u00abFinalmente el amor no para en tiempos de Covid. Estaremos lanzando \u00e9stas promociones alrededor del 10 de febrero, pero como es el mes del amor, se mantendr\u00e1n pr\u00e1cticamente posterior a la fecha\u00bb.<br \/>\nEl empresario hotelero asever\u00f3 que \u00e9stas fechas son importantes para capitalizarlos un poco frente a la pandemia.<br \/>\nSubray\u00f3 que lo m\u00e1s importante para la Asociaci\u00f3n es la sanidad de sus habitaciones, as\u00ed como la seguridad de sus clientes.<br \/>\nRecord\u00f3 que en otros a\u00f1os, en otras circunstancias para un 14 de febrero hab\u00eda \u00abllenos totales\u00bb, ahora esperar\u00e1n para ver c\u00f3mo se comporta la temporada, pero no descarta que todo vaya por buen camino.<br \/>\n\u00abEl amor en tiempos del Covid no para\u00bb, recalc\u00f3 y estim\u00f3 que podr\u00eda haber un 25 por ciento de recuperaci\u00f3n.<\/p>\n<p><a href=\"http:\/\/www.lospoliticosveracruz.com.mx\/wp-content\/uploads\/2021\/01\/A376FDB7-F8F2-401F-B7EC-89C887835E4A.jpeg\"><img loading=\"lazy\" decoding=\"async\" src=\"http:\/\/www.lospoliticosveracruz.com.mx\/wp-content\/uploads\/2021\/01\/A376FDB7-F8F2-401F-B7EC-89C887835E4A-300x225.jpeg\" alt=\"A376FDB7-F8F2-401F-B7EC-89C887835E4A\" width=\"300\" height=\"225\" class=\"aligncenter size-medium wp-image-66966\" \/><\/a><\/p>\n","protected":false},"excerpt":{"rendered":"<p>Xalapa Para el 14 de febrero -Dia del Amor y la Amistad- la Asociaci\u00f3n de Hoteles y Moteles de Xalapa tendr\u00e1 diversas promociones interesantes para este como el \u00ab3&#215;2\u00bb, \u00abel ma\u00f1anero\u00bb, entre otros, porque debido a la pandemia la ocupaci\u00f3n est\u00e1 a la baja. El asesor de esa asociaci\u00f3n, Hilder Lara Hern\u00e1ndez, explic\u00f3 que algunos [&hellip;]<\/p>\n","protected":false},"author":2,"featured_media":0,"comment_status":"open","ping_status":"open","sticky":false,"template":"","format":"standard","meta":{"_jetpack_newsletter_access":"","_jetpack_dont_email_post_to_subs":false,"_jetpack_newsletter_tier_id":0,"_jetpack_memberships_contains_paywalled_content":false,"_jetpack_memberships_contains_paid_content":false,"footnotes":""},"categories":[6446],"tags":[25437,199,25436,892,25435],"class_list":["post-66964","post","type-post","status-publish","format-standard","hentry","category-la-nota","tag-hilder-lara-hernandez","tag-hoteles","tag-mananero","tag-moteles","tag-promociones"],"jetpack_featured_media_url":"","jetpack_sharing_enabled":true,"jetpack_shortlink":"https:\/\/wp.me\/p4Qcd3-hq4","_links":{"self":[{"href":"https:\/\/lospoliticosveracruz.com.mx\/index.php?rest_route=\/wp\/v2\/posts\/66964","targetHints":{"allow":["GET"]}}],"collection":[{"href":"https:\/\/lospoliticosveracruz.com.mx\/index.php?rest_route=\/wp\/v2\/posts"}],"about":[{"href":"https:\/\/lospoliticosveracruz.com.mx\/index.php?rest_route=\/wp\/v2\/types\/post"}],"author":[{"embeddable":true,"href":"https:\/\/lospoliticosveracruz.com.mx\/index.php?rest_route=\/wp\/v2\/users\/2"}],"replies":[{"embeddable":true,"href":"https:\/\/lospoliticosveracruz.com.mx\/index.php?rest_route=%2Fwp%2Fv2%2Fcomments&post=66964"}],"version-history":[{"count":2,"href":"https:\/\/lospoliticosveracruz.com.mx\/index.php?rest_route=\/wp\/v2\/posts\/66964\/revisions"}],"predecessor-version":[{"id":66970,"href":"https:\/\/lospoliticosveracruz.com.mx\/index.php?rest_route=\/wp\/v2\/posts\/66964\/revisions\/66970"}],"wp:attachment":[{"href":"https:\/\/lospoliticosveracruz.com.mx\/index.php?rest_route=%2Fwp%2Fv2%2Fmedia&parent=66964"}],"wp:term":[{"taxonomy":"category","embeddable":true,"href":"https:\/\/lospoliticosveracruz.com.mx\/index.php?rest_route=%2Fwp%2Fv2%2Fcategories&post=66964"},{"taxonomy":"post_tag","embeddable":true,"href":"https:\/\/lospoliticosveracruz.com.mx\/index.php?rest_route=%2Fwp%2Fv2%2Ftags&post=66964"}],"curies":[{"name":"wp","href":"https:\/\/api.w.org\/{rel}","templated":true}]}}