{"id":67505,"date":"2021-01-30T13:59:37","date_gmt":"2021-01-30T19:59:37","guid":{"rendered":"http:\/\/www.lospoliticosveracruz.com.mx\/?p=67505"},"modified":"2021-01-30T13:59:37","modified_gmt":"2021-01-30T19:59:37","slug":"ya-es-lic","status":"publish","type":"post","link":"https:\/\/lospoliticosveracruz.com.mx\/?p=67505","title":{"rendered":"\u00a1Ya es Lic!"},"content":{"rendered":"<p><strong>Xalapa<\/strong><br \/>\nCon una ceremonia virtual, este s\u00e1bado el Secretario de Salud Roberto Ramos Alor, concluy\u00f3 la licenciatura en Derecho.<br \/>\nEl tema que escogi\u00f3 como parte de su tesis fue \u00abNecesidad de regulaci\u00f3n jur\u00eddica en M\u00e9xico, para el cumplimiento de sentencias de Organismos Internacionales\u00bb.<br \/>\nEn medio de la pandemia por el coronavirus, la ceremonia de realiz\u00f3 a trav\u00e9s del zoom d\u00f3nde se desconoce la instituci\u00f3n educativa d\u00f3nde se gradu\u00f3.<\/p>\n","protected":false},"excerpt":{"rendered":"<p>Xalapa Con una ceremonia virtual, este s\u00e1bado el Secretario de Salud Roberto Ramos Alor, concluy\u00f3 la licenciatura en Derecho. El tema que escogi\u00f3 como parte de su tesis fue \u00abNecesidad de regulaci\u00f3n jur\u00eddica en M\u00e9xico, para el cumplimiento de sentencias de Organismos Internacionales\u00bb. En medio de la pandemia por el coronavirus, la ceremonia de realiz\u00f3 [&hellip;]<\/p>\n","protected":false},"author":2,"featured_media":0,"comment_status":"open","ping_status":"open","sticky":false,"template":"","format":"standard","meta":{"_jetpack_newsletter_access":"","_jetpack_dont_email_post_to_subs":false,"_jetpack_newsletter_tier_id":0,"_jetpack_memberships_contains_paywalled_content":false,"_jetpack_memberships_contains_paid_content":false,"footnotes":""},"categories":[6446],"tags":[25736,16264,22396,25737],"class_list":["post-67505","post","type-post","status-publish","format-standard","hentry","category-la-nota","tag-concluyo-licenciatura","tag-coronavirus","tag-doctor-roberto-ramos-alor","tag-regulacion-juridica-en-mexico"],"jetpack_featured_media_url":"","jetpack_sharing_enabled":true,"jetpack_shortlink":"https:\/\/wp.me\/p4Qcd3-hyN","_links":{"self":[{"href":"https:\/\/lospoliticosveracruz.com.mx\/index.php?rest_route=\/wp\/v2\/posts\/67505","targetHints":{"allow":["GET"]}}],"collection":[{"href":"https:\/\/lospoliticosveracruz.com.mx\/index.php?rest_route=\/wp\/v2\/posts"}],"about":[{"href":"https:\/\/lospoliticosveracruz.com.mx\/index.php?rest_route=\/wp\/v2\/types\/post"}],"author":[{"embeddable":true,"href":"https:\/\/lospoliticosveracruz.com.mx\/index.php?rest_route=\/wp\/v2\/users\/2"}],"replies":[{"embeddable":true,"href":"https:\/\/lospoliticosveracruz.com.mx\/index.php?rest_route=%2Fwp%2Fv2%2Fcomments&post=67505"}],"version-history":[{"count":1,"href":"https:\/\/lospoliticosveracruz.com.mx\/index.php?rest_route=\/wp\/v2\/posts\/67505\/revisions"}],"predecessor-version":[{"id":67507,"href":"https:\/\/lospoliticosveracruz.com.mx\/index.php?rest_route=\/wp\/v2\/posts\/67505\/revisions\/67507"}],"wp:attachment":[{"href":"https:\/\/lospoliticosveracruz.com.mx\/index.php?rest_route=%2Fwp%2Fv2%2Fmedia&parent=67505"}],"wp:term":[{"taxonomy":"category","embeddable":true,"href":"https:\/\/lospoliticosveracruz.com.mx\/index.php?rest_route=%2Fwp%2Fv2%2Fcategories&post=67505"},{"taxonomy":"post_tag","embeddable":true,"href":"https:\/\/lospoliticosveracruz.com.mx\/index.php?rest_route=%2Fwp%2Fv2%2Ftags&post=67505"}],"curies":[{"name":"wp","href":"https:\/\/api.w.org\/{rel}","templated":true}]}}