{"id":67522,"date":"2021-01-31T10:43:35","date_gmt":"2021-01-31T16:43:35","guid":{"rendered":"http:\/\/www.lospoliticosveracruz.com.mx\/?p=67522"},"modified":"2021-01-31T10:43:35","modified_gmt":"2021-01-31T16:43:35","slug":"candidatos-de-rsp-por-botonazo","status":"publish","type":"post","link":"https:\/\/lospoliticosveracruz.com.mx\/?p=67522","title":{"rendered":"Candidatos de RSP, por botonazo!"},"content":{"rendered":"<p><em>Xalapa<\/em><\/p>\n<p>Redes Sociales Progresistas (RSP), ser\u00e1 el primer partido pol\u00edtico en utilizar durante su proceso interno, el voto electr\u00f3nico para elegir a los candidatos que participar\u00e1n en la jornada electoral del 6 de junio.<\/p>\n<p>El m\u00e9todo de elecci\u00f3n de los aspirantes ser\u00e1 mediante una aplicaci\u00f3n autorizada por la ley electoral, que podr\u00e1n descargar en sus tel\u00e9fonos celulares militares y simpatizantes.<\/p>\n<p>De acuerdo al convenio de colaboraci\u00f3n que firmo RSP en d\u00edas pasados con el Instituto Nacional Electoral (INE), para poder hacer uso de estas herramientas digitales, lo que se busca es tener una elecci\u00f3n legal y transparente.<br \/>\nRespecto al tema, el Presidente Estatal de RSP, Antonio Lagunes Toral, se\u00f1al\u00f3 que el compromiso es renovar t\u00e9cnicas que aumenten el poder de una sociedad participativa y garantizar transparencia en la democracia del pa\u00eds.<\/p>\n<p>\u201cEs un gran paso el que hemos dado digno de celebrarse, hoy podemos decir que hemos acercado la democracia y estamos promoviendo el derecho al voto de todos los ciudadanos\u00bb, puntualiz\u00f3.<br \/>\nPor \u00faltimo, a\u00f1adi\u00f3 que la aplicaci\u00f3n tendr\u00e1 diversos usos para Redes Sociales Progresistas, ya que es una necesidad utilizar el voto electr\u00f3nico no solo en los procesos internos, sino tambi\u00e9n para la jornada electoral ante la emergencia sanitaria que se vive actualmente por el COVID-19.<\/p>\n","protected":false},"excerpt":{"rendered":"<p>Xalapa Redes Sociales Progresistas (RSP), ser\u00e1 el primer partido pol\u00edtico en utilizar durante su proceso interno, el voto electr\u00f3nico para elegir a los candidatos que participar\u00e1n en la jornada electoral del 6 de junio. El m\u00e9todo de elecci\u00f3n de los aspirantes ser\u00e1 mediante una aplicaci\u00f3n autorizada por la ley electoral, que podr\u00e1n descargar en sus [&hellip;]<\/p>\n","protected":false},"author":2,"featured_media":0,"comment_status":"open","ping_status":"open","sticky":false,"template":"","format":"standard","meta":{"_jetpack_newsletter_access":"","_jetpack_dont_email_post_to_subs":false,"_jetpack_newsletter_tier_id":0,"_jetpack_memberships_contains_paywalled_content":false,"_jetpack_memberships_contains_paid_content":false,"footnotes":""},"categories":[73],"tags":[1818,16673,340,14281],"class_list":["post-67522","post","type-post","status-publish","format-standard","hentry","category-de-boleto","tag-candidatos","tag-covid-19","tag-instituto-nacional-electoral","tag-redes-sociales-progresistas"],"jetpack_featured_media_url":"","jetpack_sharing_enabled":true,"jetpack_shortlink":"https:\/\/wp.me\/p4Qcd3-hz4","_links":{"self":[{"href":"https:\/\/lospoliticosveracruz.com.mx\/index.php?rest_route=\/wp\/v2\/posts\/67522","targetHints":{"allow":["GET"]}}],"collection":[{"href":"https:\/\/lospoliticosveracruz.com.mx\/index.php?rest_route=\/wp\/v2\/posts"}],"about":[{"href":"https:\/\/lospoliticosveracruz.com.mx\/index.php?rest_route=\/wp\/v2\/types\/post"}],"author":[{"embeddable":true,"href":"https:\/\/lospoliticosveracruz.com.mx\/index.php?rest_route=\/wp\/v2\/users\/2"}],"replies":[{"embeddable":true,"href":"https:\/\/lospoliticosveracruz.com.mx\/index.php?rest_route=%2Fwp%2Fv2%2Fcomments&post=67522"}],"version-history":[{"count":1,"href":"https:\/\/lospoliticosveracruz.com.mx\/index.php?rest_route=\/wp\/v2\/posts\/67522\/revisions"}],"predecessor-version":[{"id":67524,"href":"https:\/\/lospoliticosveracruz.com.mx\/index.php?rest_route=\/wp\/v2\/posts\/67522\/revisions\/67524"}],"wp:attachment":[{"href":"https:\/\/lospoliticosveracruz.com.mx\/index.php?rest_route=%2Fwp%2Fv2%2Fmedia&parent=67522"}],"wp:term":[{"taxonomy":"category","embeddable":true,"href":"https:\/\/lospoliticosveracruz.com.mx\/index.php?rest_route=%2Fwp%2Fv2%2Fcategories&post=67522"},{"taxonomy":"post_tag","embeddable":true,"href":"https:\/\/lospoliticosveracruz.com.mx\/index.php?rest_route=%2Fwp%2Fv2%2Ftags&post=67522"}],"curies":[{"name":"wp","href":"https:\/\/api.w.org\/{rel}","templated":true}]}}