{"id":67566,"date":"2021-02-01T11:47:39","date_gmt":"2021-02-01T17:47:39","guid":{"rendered":"http:\/\/www.lospoliticosveracruz.com.mx\/?p=67566"},"modified":"2021-02-01T11:47:39","modified_gmt":"2021-02-01T17:47:39","slug":"la-venta-de-la-latino-2","status":"publish","type":"post","link":"https:\/\/lospoliticosveracruz.com.mx\/?p=67566","title":{"rendered":"La venta de la Latino \/2"},"content":{"rendered":"<p><strong>Sergio Gonz\u00e1lez Levet<\/strong><\/p>\n<p><em>Sin tacto<\/em><\/p>\n<p>Para quienes me hacen el favor de seguir esta columna, el pasado viernes dejamos a don Nicasio, un ranchero veracruzano, aunque deber\u00eda decir \u00abganadero\u00bb, porque es la ocupaci\u00f3n que enorgullece a nuestro h\u00e9roe, y a cualquier pregunta que le hacen, contesta: \u00abClaro que lo s\u00e9. \u00a136 a\u00f1os de ganadero y no saberlo\u2026!\u00bb<br \/>\nDejamos a don Nicasio, en compa\u00f1\u00eda de su hijo, Nicasito, en plena negociaci\u00f3n con un individuo que pretend\u00eda venderles la Torre Latinoamericana, donde hab\u00edan llegado caminando, con todo y maletas, despu\u00e9s de haber bajado en la estaci\u00f3n de autobuses.<br \/>\nCont\u00e9 c\u00f3mo hab\u00edan admirado las maravillas de la gran capital mexicana (tan lejos de Dios y tan cerca de los chilangos, seg\u00fan dec\u00eda, creo, don Porfirio D\u00edaz) y que particularmente les hab\u00eda causado admiraci\u00f3n la majestuosa Torre Latinoamericana, el edificio m\u00e1s alto de la naci\u00f3n en ese momento, que se ergu\u00eda majestuoso con su polis\u00f3n de vidrios y se proyectaba enhiesto hacia las nubes.<br \/>\nUn lugare\u00f1o se les hab\u00eda acercado, y despu\u00e9s de una breve charla para romper el hielo, sin m\u00e1s les ofreci\u00f3 venderles tal prodigio de la arquitectura mexicana, pues adujo que ten\u00eda una urgencia de efectivo (\u00abcash,\u00bb le llam\u00f3 \u00e9l, pero nuestros paisanos entendieron muy bien a qu\u00e9 se refer\u00eda, por el adem\u00e1s que hizo con las manos).<br \/>\nLa oferta era en verdad es de \u00e9sas que no se pueden negar, porque ped\u00eda solamente 10 mil pesos, que era exactamente la mitad que tra\u00eda en billetes don Nicasio, buen guardados en la bolsa derecha de sus pantalones, seg\u00fan se pod\u00eda colegir por el voluminoso bulto que hac\u00edan sobre el muslo del hombret\u00f3n.<br \/>\nEl ganadero se rasc\u00f3 la cabeza a un lado de la oreja, como le hab\u00eda ense\u00f1ado Cantinflas en sus pel\u00edculas cuando hac\u00eda como que pensaba, tuvo un breve di\u00e1logo con su hijo, y termin\u00f3 respondiendo al vendedor:<br \/>\n-va pues, se lo compro -exclam\u00f3 con voz decidida-. Pero, d\u00edgame, \u00bfc\u00f3mo le vamos a hacer con el tr\u00e1mite?<br \/>\nEl oriundo r\u00e1pidamente le contest\u00f3 que no hab\u00eda problema, que le iba a extender un recibo y que se lo iba a firmar, para que el trato quedara legalmente constituido. De inmediato se puso a perge\u00f1ar un texto en un pedazo de papel de estraza que hab\u00eda sacado de su chamarra.<br \/>\n\u00abPor el presente hago constar que le vend\u00eda la Torre Latinoamericana, de mi propiedad, al se\u00f1or don Nicasio, de profesi\u00f3n ganadero de la Cuenca del Papaloapan, y desde ahora le pertenece a \u00e9l\u00bb. Y puso su nombre y firma al final.<br \/>\nDon Nica le dio el dinero, contadito billete por billete, al vendedor y \u00e9ste se retir\u00f3 r\u00e1pidamente.<br \/>\nNuestro h\u00e9roe se qued\u00f3 viendo fijamente al papel, volte\u00f3 varias veces a ver el enorme edificio, y despu\u00e9s de un rato de meditaci\u00f3n, le confi\u00f3 a su v\u00e1stago:<br \/>\n-Ay, mijo, se e hace que nos agarraron de pendejos\u2026<br \/>\n-\u00bfPor qu\u00e9 piensa eso, ap\u00e1? -pregunt\u00f3 el muchacho.<br \/>\n-Pues porque ahora c\u00f3mo le vamos a hacer para llevarnos el edificio hasta el rancho\u2026<br \/>\n-F\u00e1cil -resplandeci\u00f3 el fiel heredero del ingenio paterno. -Mira, t\u00fa eres un hombre muy fuerte, y yo no me quedo atr\u00e1s, as\u00ed que vamos a empujarlo.<br \/>\nAmbos pusieron las maletas a un lado y se empe\u00f1aron contra una pared, sobre la que estuvieron imponiendo su fuerza por casi media hora. Estaban sudorosos por el esfuerzo y el padre le pregunt\u00f3 al hijo:<br \/>\n-\u00bfC\u00f3mo ves? \u00bfYa habremos avanzado algo?<br \/>\n-Pues claro que si, ap\u00e1, \u00a1porque ya no veo las maletas!<\/p>\n<p>sg\u00f1evet@gmsil.com<\/p>\n","protected":false},"excerpt":{"rendered":"<p>Sergio Gonz\u00e1lez Levet Sin tacto Para quienes me hacen el favor de seguir esta columna, el pasado viernes dejamos a don Nicasio, un ranchero veracruzano, aunque deber\u00eda decir \u00abganadero\u00bb, porque es la ocupaci\u00f3n que enorgullece a nuestro h\u00e9roe, y a cualquier pregunta que le hacen, contesta: \u00abClaro que lo s\u00e9. \u00a136 a\u00f1os de ganadero y [&hellip;]<\/p>\n","protected":false},"author":2,"featured_media":0,"comment_status":"open","ping_status":"open","sticky":false,"template":"","format":"standard","meta":{"_jetpack_newsletter_access":"","_jetpack_dont_email_post_to_subs":false,"_jetpack_newsletter_tier_id":0,"_jetpack_memberships_contains_paywalled_content":false,"_jetpack_memberships_contains_paid_content":false,"footnotes":""},"categories":[70],"tags":[3249,25780,25779,1282,25714],"class_list":["post-67566","post","type-post","status-publish","format-standard","hentry","category-de-opinion","tag-cantinflas","tag-oferta","tag-ranchero-veracruzano","tag-sergio-gonzalez-levet","tag-torre-latinoamericana"],"jetpack_featured_media_url":"","jetpack_sharing_enabled":true,"jetpack_shortlink":"https:\/\/wp.me\/p4Qcd3-hzM","_links":{"self":[{"href":"https:\/\/lospoliticosveracruz.com.mx\/index.php?rest_route=\/wp\/v2\/posts\/67566","targetHints":{"allow":["GET"]}}],"collection":[{"href":"https:\/\/lospoliticosveracruz.com.mx\/index.php?rest_route=\/wp\/v2\/posts"}],"about":[{"href":"https:\/\/lospoliticosveracruz.com.mx\/index.php?rest_route=\/wp\/v2\/types\/post"}],"author":[{"embeddable":true,"href":"https:\/\/lospoliticosveracruz.com.mx\/index.php?rest_route=\/wp\/v2\/users\/2"}],"replies":[{"embeddable":true,"href":"https:\/\/lospoliticosveracruz.com.mx\/index.php?rest_route=%2Fwp%2Fv2%2Fcomments&post=67566"}],"version-history":[{"count":1,"href":"https:\/\/lospoliticosveracruz.com.mx\/index.php?rest_route=\/wp\/v2\/posts\/67566\/revisions"}],"predecessor-version":[{"id":67567,"href":"https:\/\/lospoliticosveracruz.com.mx\/index.php?rest_route=\/wp\/v2\/posts\/67566\/revisions\/67567"}],"wp:attachment":[{"href":"https:\/\/lospoliticosveracruz.com.mx\/index.php?rest_route=%2Fwp%2Fv2%2Fmedia&parent=67566"}],"wp:term":[{"taxonomy":"category","embeddable":true,"href":"https:\/\/lospoliticosveracruz.com.mx\/index.php?rest_route=%2Fwp%2Fv2%2Fcategories&post=67566"},{"taxonomy":"post_tag","embeddable":true,"href":"https:\/\/lospoliticosveracruz.com.mx\/index.php?rest_route=%2Fwp%2Fv2%2Ftags&post=67566"}],"curies":[{"name":"wp","href":"https:\/\/api.w.org\/{rel}","templated":true}]}}