{"id":67568,"date":"2021-02-01T12:13:55","date_gmt":"2021-02-01T18:13:55","guid":{"rendered":"http:\/\/www.lospoliticosveracruz.com.mx\/?p=67568"},"modified":"2021-02-01T12:14:30","modified_gmt":"2021-02-01T18:14:30","slug":"lanza-reto-polo-deschamps-a-precandidatos-del-pan","status":"publish","type":"post","link":"https:\/\/lospoliticosveracruz.com.mx\/?p=67568","title":{"rendered":"Lanza reto Polo Deschamps a precandidatos del PAN!"},"content":{"rendered":"<p>&nbsp;<\/p>\n<p><strong>Medell\u00edn de Bravo<\/strong><\/p>\n<p>&nbsp;<\/p>\n<p>Hip\u00f3lito Deschamps Espino Barros, acudi\u00f3 este domingo al Comit\u00e9 Directivo Municipal de PAN en Medell\u00edn de Bravo para registrarse como precandidato a la Diputaci\u00f3n Local Distrito XVII, en donde se\u00f1al\u00f3 que \u201cvamos a representar a los medellinenses para continuar con la transformaci\u00f3n de nuestro municipio\u00bb.<br \/>\nDespu\u00e9s de destacar los logros alcanzados como Presidente Municipal de Medell\u00edn de Bravo durante los \u00faltimos tres a\u00f1os, Hip\u00f3lito Deschamps pidi\u00f3 a la militancia panista, en particular a los aspirantes en esta contienda interna que \u00abDebemos dejar a un lado nuestros intereses personales, que no nos metamos a una contienda para despu\u00e9s se\u00f1alar que no se le dio la oportunidad y que por alguna raz\u00f3n personal se tiene que ir a otro partido o ir apoyar a otro proyecto pol\u00edtico que no sea de Acci\u00f3n Nacional\u00bb, precis\u00f3.<br \/>\n\u00abHoy lanzo este reto a todos los aspirantes, porque hoy va haber una votaci\u00f3n interna, y el que gane, ganar\u00e1 de manera democr\u00e1tica; hoy reto a todos los aspirantes de Acci\u00f3n Nacional, que sea cual sea el resultado, acepten el resultado como tal y que caminen de la mano con el candidato ganador\u00bb, enfatiz\u00f3.<br \/>\nAl se\u00f1alar que dentro del PAN existe una democracia viva, Hip\u00f3lito Deschamps Espino Barros, dijo que \u00abYo hago el compromiso de que si no soy favorecido con el voto, voy a caminar con el candidato o candidata del PAN y de la alianza, para pedir el voto por \u00e9l o por ella\u00bb, finaliz\u00f3.<\/p>\n","protected":false},"excerpt":{"rendered":"<p>&nbsp; Medell\u00edn de Bravo &nbsp; Hip\u00f3lito Deschamps Espino Barros, acudi\u00f3 este domingo al Comit\u00e9 Directivo Municipal de PAN en Medell\u00edn de Bravo para registrarse como precandidato a la Diputaci\u00f3n Local Distrito XVII, en donde se\u00f1al\u00f3 que \u201cvamos a representar a los medellinenses para continuar con la transformaci\u00f3n de nuestro municipio\u00bb. Despu\u00e9s de destacar los logros [&hellip;]<\/p>\n","protected":false},"author":2,"featured_media":0,"comment_status":"open","ping_status":"open","sticky":false,"template":"","format":"standard","meta":{"_jetpack_newsletter_access":"","_jetpack_dont_email_post_to_subs":false,"_jetpack_newsletter_tier_id":0,"_jetpack_memberships_contains_paywalled_content":false,"_jetpack_memberships_contains_paid_content":false,"footnotes":""},"categories":[73],"tags":[24997,25781,12116,1420,266,24977],"class_list":["post-67568","post","type-post","status-publish","format-standard","hentry","category-de-boleto","tag-contienda-interna","tag-diputacion-local-distrito-xvii","tag-hipolito-deschamps-espino-barros","tag-medellin-de-bravo","tag-pan","tag-precandidato"],"jetpack_featured_media_url":"","jetpack_sharing_enabled":true,"jetpack_shortlink":"https:\/\/wp.me\/p4Qcd3-hzO","_links":{"self":[{"href":"https:\/\/lospoliticosveracruz.com.mx\/index.php?rest_route=\/wp\/v2\/posts\/67568","targetHints":{"allow":["GET"]}}],"collection":[{"href":"https:\/\/lospoliticosveracruz.com.mx\/index.php?rest_route=\/wp\/v2\/posts"}],"about":[{"href":"https:\/\/lospoliticosveracruz.com.mx\/index.php?rest_route=\/wp\/v2\/types\/post"}],"author":[{"embeddable":true,"href":"https:\/\/lospoliticosveracruz.com.mx\/index.php?rest_route=\/wp\/v2\/users\/2"}],"replies":[{"embeddable":true,"href":"https:\/\/lospoliticosveracruz.com.mx\/index.php?rest_route=%2Fwp%2Fv2%2Fcomments&post=67568"}],"version-history":[{"count":2,"href":"https:\/\/lospoliticosveracruz.com.mx\/index.php?rest_route=\/wp\/v2\/posts\/67568\/revisions"}],"predecessor-version":[{"id":67571,"href":"https:\/\/lospoliticosveracruz.com.mx\/index.php?rest_route=\/wp\/v2\/posts\/67568\/revisions\/67571"}],"wp:attachment":[{"href":"https:\/\/lospoliticosveracruz.com.mx\/index.php?rest_route=%2Fwp%2Fv2%2Fmedia&parent=67568"}],"wp:term":[{"taxonomy":"category","embeddable":true,"href":"https:\/\/lospoliticosveracruz.com.mx\/index.php?rest_route=%2Fwp%2Fv2%2Fcategories&post=67568"},{"taxonomy":"post_tag","embeddable":true,"href":"https:\/\/lospoliticosveracruz.com.mx\/index.php?rest_route=%2Fwp%2Fv2%2Ftags&post=67568"}],"curies":[{"name":"wp","href":"https:\/\/api.w.org\/{rel}","templated":true}]}}