{"id":67695,"date":"2021-02-03T14:32:38","date_gmt":"2021-02-03T20:32:38","guid":{"rendered":"http:\/\/www.lospoliticosveracruz.com.mx\/?p=67695"},"modified":"2021-02-03T14:32:38","modified_gmt":"2021-02-03T20:32:38","slug":"hay-que-ser-flexibles-con-empresarios-david","status":"publish","type":"post","link":"https:\/\/lospoliticosveracruz.com.mx\/?p=67695","title":{"rendered":"Hay que ser flexibles con empresarios: David"},"content":{"rendered":"<p>&nbsp;<\/p>\n<p><strong>Xalapa<\/strong><br \/>\nAnte la pandemia del coronavirus y el cierre de negocios, el empresario David Velasco Chedraui manifest\u00f3 que se debe ser flexible para permitir que se abran y ser estrictos en las medidas sanitarias, por lo que debe existir una coordinaci\u00f3n entre las autoridades y los empresarios.<br \/>\n\u00abNo deber\u00edan poner tan r\u00edgidas las reglas de estar cerrando negocios, sino que sean m\u00e1s r\u00edgidos en las indicaciones\u00bb como el uso de cubrebocas, caretas, aplicaci\u00f3n de gel antibacterial, etc\u00e9tera.<br \/>\nEl ex alcalde xalape\u00f1o precis\u00f3 que es la iniciativa privada la que genera las fuentes laborales.<br \/>\n\u00abLas empresas son las que generan empleo y las que despu\u00e9s nos van a llevar a una estabilidad econ\u00f3mica\u00bb, dijo.<br \/>\nEntre los empresarios hay preocupaci\u00f3n y molestia por la falta de atenci\u00f3n de las autoridades, expuso.<br \/>\n\u00abEst\u00e1n muy molestos porque sienten que no les est\u00e1n haciendo caso, que no ha habido el acercamiento que deber\u00eda de ser con las autoridades y est\u00e1n muy preocupados\u00bb.<br \/>\nDavid Velasco coment\u00f3 que la mayor\u00eda de los negocios han disminuido sus ingresos aproximadamente cincuenta por ciento.<br \/>\nPuso como ejemplo los negocios del centro de Xalapa, pues basta observar cu\u00e1ntos locales ya se rentan o se venden.<br \/>\nTambi\u00e9n dijo que el cierre de negocios conlleva al desempleo y a la inseguridad.<br \/>\nEl ex presidente municipal coment\u00f3 que pese a las propuestas que han presentado los empresarios a las autoridades para la reactivaci\u00f3n econ\u00f3mica, no les han hecho caso.<br \/>\nPor ello, David Velasco consider\u00f3 que debe existir un trabajo coordinado, \u00ablas autoridades tienen que buscar a trav\u00e9s de los empresarios las formas para evitar que se despida a la gente\u00bb.<\/p>\n","protected":false},"excerpt":{"rendered":"<p>&nbsp; Xalapa Ante la pandemia del coronavirus y el cierre de negocios, el empresario David Velasco Chedraui manifest\u00f3 que se debe ser flexible para permitir que se abran y ser estrictos en las medidas sanitarias, por lo que debe existir una coordinaci\u00f3n entre las autoridades y los empresarios. \u00abNo deber\u00edan poner tan r\u00edgidas las reglas [&hellip;]<\/p>\n","protected":false},"author":2,"featured_media":0,"comment_status":"open","ping_status":"open","sticky":false,"template":"","format":"standard","meta":{"_jetpack_newsletter_access":"","_jetpack_dont_email_post_to_subs":false,"_jetpack_newsletter_tier_id":0,"_jetpack_memberships_contains_paywalled_content":false,"_jetpack_memberships_contains_paid_content":false,"footnotes":""},"categories":[6446],"tags":[16264,407,7037,4942,25860,6482,196,11858,96],"class_list":["post-67695","post","type-post","status-publish","format-standard","hentry","category-la-nota","tag-coronavirus","tag-david-velasco-chedraui","tag-desempleo","tag-empresas","tag-estabilidad-economica","tag-iniciativa-privada","tag-inseguridad","tag-negocios","tag-xalapa"],"jetpack_featured_media_url":"","jetpack_sharing_enabled":true,"jetpack_shortlink":"https:\/\/wp.me\/p4Qcd3-hBR","_links":{"self":[{"href":"https:\/\/lospoliticosveracruz.com.mx\/index.php?rest_route=\/wp\/v2\/posts\/67695","targetHints":{"allow":["GET"]}}],"collection":[{"href":"https:\/\/lospoliticosveracruz.com.mx\/index.php?rest_route=\/wp\/v2\/posts"}],"about":[{"href":"https:\/\/lospoliticosveracruz.com.mx\/index.php?rest_route=\/wp\/v2\/types\/post"}],"author":[{"embeddable":true,"href":"https:\/\/lospoliticosveracruz.com.mx\/index.php?rest_route=\/wp\/v2\/users\/2"}],"replies":[{"embeddable":true,"href":"https:\/\/lospoliticosveracruz.com.mx\/index.php?rest_route=%2Fwp%2Fv2%2Fcomments&post=67695"}],"version-history":[{"count":1,"href":"https:\/\/lospoliticosveracruz.com.mx\/index.php?rest_route=\/wp\/v2\/posts\/67695\/revisions"}],"predecessor-version":[{"id":67697,"href":"https:\/\/lospoliticosveracruz.com.mx\/index.php?rest_route=\/wp\/v2\/posts\/67695\/revisions\/67697"}],"wp:attachment":[{"href":"https:\/\/lospoliticosveracruz.com.mx\/index.php?rest_route=%2Fwp%2Fv2%2Fmedia&parent=67695"}],"wp:term":[{"taxonomy":"category","embeddable":true,"href":"https:\/\/lospoliticosveracruz.com.mx\/index.php?rest_route=%2Fwp%2Fv2%2Fcategories&post=67695"},{"taxonomy":"post_tag","embeddable":true,"href":"https:\/\/lospoliticosveracruz.com.mx\/index.php?rest_route=%2Fwp%2Fv2%2Ftags&post=67695"}],"curies":[{"name":"wp","href":"https:\/\/api.w.org\/{rel}","templated":true}]}}