{"id":67698,"date":"2021-02-03T15:03:21","date_gmt":"2021-02-03T21:03:21","guid":{"rendered":"http:\/\/www.lospoliticosveracruz.com.mx\/?p=67698"},"modified":"2021-02-03T15:03:21","modified_gmt":"2021-02-03T21:03:21","slug":"veracruz-no-es-plato-de-segunda-mesa-ahued","status":"publish","type":"post","link":"https:\/\/lospoliticosveracruz.com.mx\/?p=67698","title":{"rendered":"Veracruz no es plato de segunda mesa: Ahued"},"content":{"rendered":"<p>&nbsp;<\/p>\n<p><strong>Xalapa<\/strong><br \/>\nEl senador de MORENA Ricardo Ahued Bardahuil, advirti\u00f3 que Veracruz \u00abno es segundo plato\u00bb, por lo que pidi\u00f3 a la Comisi\u00f3n Federal de Electricidad (CFE), tarifas justas para todos los veracruzanos, es decir, una reclasificaci\u00f3n.<br \/>\n\u00abNo entiendo porque a Veracruz no se le da ese lugar, no somos segundo plato, no es de partido, sino que creo que son justas las demandas y se tiene que resolver.\u00bb<br \/>\nEn ese sentido, el senador morenista resalt\u00f3 que los \u00ablos veracruzanos son pagadores pero est\u00e1n sufriendo tarifas muy elevadas de acuerdo a la reclasificaci\u00f3n por las temperaturas que decretaron hace a\u00f1os\u00bb.<br \/>\nDe ah\u00ed que no se trata, aclar\u00f3 de perjudicar a la CFE.<br \/>\n\u00abNo se trata de perjudicar a la Comisi\u00f3n Federal de Electricidad y pagar menos, se trata de pagar algo justo\u00bb.<br \/>\nEn ese sentido, denunci\u00f3 que ciudadanos veracruzanos enfrentan cargos por cobros que no han podido pagar a la Comisi\u00f3n Federal de Electricidad.<br \/>\n\u00abDurante muchos a\u00f1os por parte de Veracruz se ha estado solicitando la reclasificaci\u00f3n y un estudio serio.\u00bb<\/p>\n","protected":false},"excerpt":{"rendered":"<p>&nbsp; Xalapa El senador de MORENA Ricardo Ahued Bardahuil, advirti\u00f3 que Veracruz \u00abno es segundo plato\u00bb, por lo que pidi\u00f3 a la Comisi\u00f3n Federal de Electricidad (CFE), tarifas justas para todos los veracruzanos, es decir, una reclasificaci\u00f3n. \u00abNo entiendo porque a Veracruz no se le da ese lugar, no somos segundo plato, no es de [&hellip;]<\/p>\n","protected":false},"author":2,"featured_media":0,"comment_status":"open","ping_status":"open","sticky":false,"template":"","format":"standard","meta":{"_jetpack_newsletter_access":"","_jetpack_dont_email_post_to_subs":false,"_jetpack_newsletter_tier_id":0,"_jetpack_memberships_contains_paywalled_content":false,"_jetpack_memberships_contains_paid_content":false,"footnotes":""},"categories":[6446],"tags":[4973,8627,1026,23222,2812,195],"class_list":["post-67698","post","type-post","status-publish","format-standard","hentry","category-la-nota","tag-cfe","tag-comision-federal-de-electricidad","tag-morena","tag-reclasificacion","tag-ricardo-ahued-bardahuil","tag-veracruz"],"jetpack_featured_media_url":"","jetpack_sharing_enabled":true,"jetpack_shortlink":"https:\/\/wp.me\/p4Qcd3-hBU","_links":{"self":[{"href":"https:\/\/lospoliticosveracruz.com.mx\/index.php?rest_route=\/wp\/v2\/posts\/67698","targetHints":{"allow":["GET"]}}],"collection":[{"href":"https:\/\/lospoliticosveracruz.com.mx\/index.php?rest_route=\/wp\/v2\/posts"}],"about":[{"href":"https:\/\/lospoliticosveracruz.com.mx\/index.php?rest_route=\/wp\/v2\/types\/post"}],"author":[{"embeddable":true,"href":"https:\/\/lospoliticosveracruz.com.mx\/index.php?rest_route=\/wp\/v2\/users\/2"}],"replies":[{"embeddable":true,"href":"https:\/\/lospoliticosveracruz.com.mx\/index.php?rest_route=%2Fwp%2Fv2%2Fcomments&post=67698"}],"version-history":[{"count":1,"href":"https:\/\/lospoliticosveracruz.com.mx\/index.php?rest_route=\/wp\/v2\/posts\/67698\/revisions"}],"predecessor-version":[{"id":67700,"href":"https:\/\/lospoliticosveracruz.com.mx\/index.php?rest_route=\/wp\/v2\/posts\/67698\/revisions\/67700"}],"wp:attachment":[{"href":"https:\/\/lospoliticosveracruz.com.mx\/index.php?rest_route=%2Fwp%2Fv2%2Fmedia&parent=67698"}],"wp:term":[{"taxonomy":"category","embeddable":true,"href":"https:\/\/lospoliticosveracruz.com.mx\/index.php?rest_route=%2Fwp%2Fv2%2Fcategories&post=67698"},{"taxonomy":"post_tag","embeddable":true,"href":"https:\/\/lospoliticosveracruz.com.mx\/index.php?rest_route=%2Fwp%2Fv2%2Ftags&post=67698"}],"curies":[{"name":"wp","href":"https:\/\/api.w.org\/{rel}","templated":true}]}}