{"id":67815,"date":"2021-02-05T10:06:18","date_gmt":"2021-02-05T16:06:18","guid":{"rendered":"http:\/\/www.lospoliticosveracruz.com.mx\/?p=67815"},"modified":"2021-02-05T10:06:18","modified_gmt":"2021-02-05T16:06:18","slug":"que-pex-con-poquito","status":"publish","type":"post","link":"https:\/\/lospoliticosveracruz.com.mx\/?p=67815","title":{"rendered":"Qu\u00e9 pex con Poquito?"},"content":{"rendered":"<p>&nbsp;<br \/>\n<strong>Ricardo Ch\u00faa<\/strong><br \/>\n<em>Sale y Vale<\/em><\/p>\n<p>&nbsp;<\/p>\n<p>EL EXTRA\u00d1O RETORNO DE GUTI\u00c9RREZ DE VELASCO&#8230;. Nadie sabe a que \u00abSanto Patrono\u00bb se encomend\u00f3, Francisco Guti\u00e9rrez de Velasco para poder lograr que el PAN nacional, lo designar\u00e1 como candidato a diputado federal por el distrito IV de Veracruz, con sede en este puerto, ya que panismo encabeza la alianza federal en este distrito con PRI y PRD&#8230; Lo cual ha provocado molestias al interior de la militancia y amenazan un movimiento de \u00abbrazos ca\u00eddos\u00bb para no operar a favor de Guti\u00e9rrez de Velasco, dado que no lo identifican en el distrito&#8230;<br \/>\nEl conflicto se basa en que los panistas esperaban que el nominado fuera \u00abMamilo\u00bb Alvizar&#8230; Y \u00abmoles\u00bb que se cae la designaci\u00f3n.. Esperaban que Mariana Dunyaska fuera la nominada, dado su cercan\u00eda con el PAN porte\u00f1o, acud\u00eda al municipio respaldando a Fernando Yunes, junto a Marijose Gamboa e Indira Rosales&#8230; Era la \u00abnatural\u00bb para ese distrito&#8230; Mariana fue la que obtuvo la mayor votaci\u00f3n nacional del PAN en 2018&#8230; \u00bfY la dejan fuera?&#8230; \u00bfY la reelecci\u00f3n?&#8230;\u00bfQu\u00e9 paso?.. La pregunta: \u00bfEn qu\u00e9 momento el PAN vio a Paco m\u00e1s fuerte que Dunyaska?&#8230;<br \/>\nSi \u00e9l pr\u00e1cticamente estaba fuera del panorama cuando lo vincularon Javier Duarte y despu\u00e9s le \u00abcoqueteo\u00bb a MORENA&#8230; El caso que con este asunto a Guti\u00e9rrez de Velasco, le puede pasar el mismo efecto de Sergio Gil en 2018&#8230; Que perdi\u00f3 el distrito m\u00e1s panista en alianza con Movimiento Ciudadano ante Ricardo Exsome, de MORENA&#8230; La historia suele repetirse&#8230; La militancia hoy est\u00e1 inmersa en la disputa por la candidatura a la alcald\u00eda&#8230; No es \u00absecreto\u00bb que a Guti\u00e9rrez de Velasco, no lo ven como un miembro de ese distrito, lo consideran boque\u00f1o&#8230;<br \/>\nSi ha Mariana le costo m\u00e1s de dos a\u00f1os poder entrar al puerto&#8230; Que se puede esperar del ex alcalde de Boca del R\u00edo&#8230; M\u00e1s cuando la marca PAN con su apellido, ya est\u00e1 desasociada.. No hay vinculo&#8230; Hay que ver si no lo usan y lo \u00absacrifican\u00bb como pas\u00f3 con Dunyaska&#8230; Era un hecho que ella y Marijose en Boca del R\u00edo, el panismo iba a arrasar&#8230;.Ahora por cuestiones de la alianza opositora, hay dos actores pol\u00edticos que no est\u00e1n identificados como panistas porte\u00f1os y que la militancia tendr\u00e1 que apoyar&#8230; Obvio, lo quiere hacer&#8230; AMEN..<\/p>\n<p>EXCLUSIVA TRICOLOR&#8230; Nos cuenta \u00abEl Garganta Profunda Aliancista\u00bb que el PRI pudo imponer condiciones en la alianza del puerto de Veracruz junto con el PAN, en su lucha por la alcald\u00eda&#8230; Debido a que los dos grupos pol\u00edticos que disputan la candidatura para la presidencia municipal: \u00abLos Yunes Azules\u00bb y \u00abLos Rementeria Family\u00bb&#8230; Tienen bien analizado que despu\u00e9s del proceso interno panista del 14 de febrero, donde saldr\u00e1 el electo el candidato a la alcald\u00eda&#8230; Puede haber una \u00abFractura Azul\u00bb en ese municipio&#8230; Por eso necesitan al PRI&#8230;<br \/>\nLos Yunes y Rementeria previendo este asunto&#8230; Es que aceptaron ir en alianza con PRI y PRD&#8230; Tienen bien sabido que una \u00abruptura\u00bb al interior, le cierra las posibilidades a uno u otro grupo, de levantarse con un triunfo holgado en su carrera por la presidencia&#8230; Quiz\u00e1s la victoria no este en riesgo, pero si el control total del pr\u00f3ximo cabildo y su posici\u00f3n para el 2024.. Por eso, no quieren correr riesgos&#8230; Si un grupo se \u00abaleja\u00bb del PAN en la elecci\u00f3n a la alcald\u00eda&#8230; El PRI podr\u00eda cubrir ese vaci\u00f3&#8230; Fidel Kuri en 2017 les dio 21 mil votos al PRI&#8230;<br \/>\nSufragios que en este momento para el PAN son m\u00e1s que necesarios en 2021&#8230; M\u00e1s si hay \u00abincisiones\u00bb en los grupos pol\u00edticos y hay \u00abbrazos ca\u00eddos\u00bb en la elecci\u00f3n a la alcald\u00eda&#8230; Para eso, servir\u00edan esos 20 mil votos que cuenta el PRI.. Finalmente, en este momento, el tricolor porte\u00f1o no est\u00e1 disputando nada&#8230; Tiene una diputaci\u00f3n local uninominal, que seguramente, la jugar\u00e1 con Anil\u00fa Ingram&#8230; Es decir, el PRI no tiene nada que perder y todo que ganar.. Adem\u00e1s de ir en alianza con el PAN&#8230; Algo inimaginable hace unos meses&#8230;<br \/>\nAdem\u00e1s es un hecho que el tema interno entre los Yunes y Los Rementeria s\u00f3lo es un problema del PAN&#8230; Y ellos, lo tendr\u00e1n que resolver, no es un conflicto que afecte al PRI o militancia&#8230; Por ello, la ganancia es para el tricolor porque ante una \u00abfractura\u00bb, sus votos son necesarios&#8230; Por eso, los dos grupos panistas en disputa, los aceptaron en alianza&#8230; Es pura POL\u00cdTICA FICCI\u00d3N&#8230; Diferente el caso en Boca del R\u00edo, donde el PAN va solo sin necesidad de aliarse&#8230;. AMEN&#8230; EL QUE ENTENDI\u00d3, ENTENDI\u00d3&#8230; UN \u00abAMARRE\u00bb AL ESTILO FIDEL&#8230;<\/p>\n<p>EXCLUSIVA AZUL&#8230;. Ante la posibilidad que pasado el proceso electoral local en Veracruz&#8230; Y que, por ello, el dirigente estatal del PAN, Joaqu\u00edn Guzm\u00e1n Avil\u00e9s, deje el cargo en el partido, debido a que es un hecho que pueda ocupar una curul en el pr\u00f3ximo Congreso Local v\u00eda plurinominal&#8230; Todo parece indicar que su sucesor en el CDE panista podr\u00eda ser el actual diputado local, Omar Miranda, gente cercana en este momento al \u00abChapito\u00bb&#8230; Qui\u00e9n lo dir\u00eda Tesorero con Pepe Mancha-Do y ahora podr\u00eda tomar las riendas del partido&#8230;<br \/>\nUna situaci\u00f3n que dentro del panismo se ve muy normal&#8230; Ya que con ello, el grupo de Guzm\u00e1n Avil\u00e9s \u00abamarra\u00bb la dirigencia estatal y no la cede a grupos alternos que le puedan disputar la presidencia ganada en 2019&#8230; Por lo pronto, se rumora dentro del PAN que otro personaje que puede ir al Congreso Local v\u00eda \u00abpluri\u00bb es el \u00aboperador pol\u00edtico\u00bb de \u00abEl Chapo\u00bb, Germ\u00e1n Illescas Aguilar&#8230; Mirenloooo ah\u00ed se va a encontrar con Domingo Bahena, el \u00abmorenista azul\u00bb aliado de Juan Javier G\u00f3mez Cazar\u00edn\u2026 As\u00ed se est\u00e1n dando los \u00abamarres\u00bb azules&#8230;<br \/>\nAdem\u00e1s qui\u00e9n podr\u00eda criticar al \u00abChapito\u00bb Guzm\u00e1n de llegar al poder, quedarse con las pluri y otorgarlas a un miembro de su grupo pol\u00edtico&#8230; Si el PAN act\u00faa pragm\u00e1ticamente.. En alcald\u00edas y diputaciones locales&#8230; Las dan a qui\u00e9n garantice el triunfo&#8230; No importa que sean candidatos impresentables, no interesa si son aliados o los mismos, menos si es un hermano o sobrino&#8230; Lo que interesa es ganar en donde encabezan la alianza en Veracruz&#8230; As\u00ed llevan mano en 2024&#8230; PRAGMATISMO PURO&#8230; REAL POLITIK&#8230; QUI\u00c9N EST\u00c9 LIBRE DE PECADO&#8230; JE JE JE.<\/p>\n<p>OJO&#8230; A pesar de que algunos dicen que Omar Miranda no quiere&#8230; Porque tiene temor hasta de salir de su casa por todas las que dej\u00f3 pendientes en el PAN&#8230; Y ya sin el \u00abChapito\u00bb ah\u00ed que lo respalde, se ve dif\u00edcil que el ex regidor de Xalapa, quiera quedarse con la presidencia.. Pero en este momento, no hay otro m\u00e1s al cual, le puedan dejar en este encargo&#8230; Miranda tendr\u00e1 que \u00abfajarse los pantalones\u00bb, enfrentar las \u00abvenganzas\u00bb y asumir el cargo&#8230; Si no el 2022 se va del CDE&#8230; No le queda de otra \u00absopa\u00bb&#8230; Espacio que deja libre, otro lo ocupa&#8230; AGUAS&#8230;<\/p>\n","protected":false},"excerpt":{"rendered":"<p>&nbsp; Ricardo Ch\u00faa Sale y Vale &nbsp; EL EXTRA\u00d1O RETORNO DE GUTI\u00c9RREZ DE VELASCO&#8230;. Nadie sabe a que \u00abSanto Patrono\u00bb se encomend\u00f3, Francisco Guti\u00e9rrez de Velasco para poder lograr que el PAN nacional, lo designar\u00e1 como candidato a diputado federal por el distrito IV de Veracruz, con sede en este puerto, ya que panismo encabeza [&hellip;]<\/p>\n","protected":false},"author":2,"featured_media":0,"comment_status":"open","ping_status":"open","sticky":false,"template":"","format":"standard","meta":{"_jetpack_newsletter_access":"","_jetpack_dont_email_post_to_subs":false,"_jetpack_newsletter_tier_id":0,"_jetpack_memberships_contains_paywalled_content":false,"_jetpack_memberships_contains_paid_content":false,"footnotes":""},"categories":[70],"tags":[25254,535,258,2802,5514,162,3288,12695,5381,1026,12807,266,25963,11193,25962,14721,195,96],"class_list":["post-67815","post","type-post","status-publish","format-standard","hentry","category-de-opinion","tag-dunyaska","tag-fernando-yunes","tag-fidel-kuri","tag-francisco-gutierrez-de-velasco","tag-indira-rosales","tag-javier-duarte","tag-joaquin-guzman-aviles","tag-juan-javier-gomez-cazarin","tag-marijose-gamboa","tag-morena","tag-omar-miranda","tag-pan","tag-pepe-mancha-do","tag-proceso-electoral","tag-rementeria-family","tag-ricardo-exsome","tag-veracruz","tag-xalapa"],"jetpack_featured_media_url":"","jetpack_sharing_enabled":true,"jetpack_shortlink":"https:\/\/wp.me\/p4Qcd3-hDN","_links":{"self":[{"href":"https:\/\/lospoliticosveracruz.com.mx\/index.php?rest_route=\/wp\/v2\/posts\/67815","targetHints":{"allow":["GET"]}}],"collection":[{"href":"https:\/\/lospoliticosveracruz.com.mx\/index.php?rest_route=\/wp\/v2\/posts"}],"about":[{"href":"https:\/\/lospoliticosveracruz.com.mx\/index.php?rest_route=\/wp\/v2\/types\/post"}],"author":[{"embeddable":true,"href":"https:\/\/lospoliticosveracruz.com.mx\/index.php?rest_route=\/wp\/v2\/users\/2"}],"replies":[{"embeddable":true,"href":"https:\/\/lospoliticosveracruz.com.mx\/index.php?rest_route=%2Fwp%2Fv2%2Fcomments&post=67815"}],"version-history":[{"count":1,"href":"https:\/\/lospoliticosveracruz.com.mx\/index.php?rest_route=\/wp\/v2\/posts\/67815\/revisions"}],"predecessor-version":[{"id":67817,"href":"https:\/\/lospoliticosveracruz.com.mx\/index.php?rest_route=\/wp\/v2\/posts\/67815\/revisions\/67817"}],"wp:attachment":[{"href":"https:\/\/lospoliticosveracruz.com.mx\/index.php?rest_route=%2Fwp%2Fv2%2Fmedia&parent=67815"}],"wp:term":[{"taxonomy":"category","embeddable":true,"href":"https:\/\/lospoliticosveracruz.com.mx\/index.php?rest_route=%2Fwp%2Fv2%2Fcategories&post=67815"},{"taxonomy":"post_tag","embeddable":true,"href":"https:\/\/lospoliticosveracruz.com.mx\/index.php?rest_route=%2Fwp%2Fv2%2Ftags&post=67815"}],"curies":[{"name":"wp","href":"https:\/\/api.w.org\/{rel}","templated":true}]}}