{"id":67818,"date":"2021-02-05T10:09:25","date_gmt":"2021-02-05T16:09:25","guid":{"rendered":"http:\/\/www.lospoliticosveracruz.com.mx\/?p=67818"},"modified":"2021-02-05T10:09:25","modified_gmt":"2021-02-05T16:09:25","slug":"con-discursos-vagos-combaten-inseguridad-en-xalapa-sergio","status":"publish","type":"post","link":"https:\/\/lospoliticosveracruz.com.mx\/?p=67818","title":{"rendered":"Con discursos vagos combaten inseguridad en Xalapa: Sergio"},"content":{"rendered":"<p>&nbsp;<\/p>\n<p><strong>Xalapa<\/strong><\/p>\n<p>&nbsp;<\/p>\n<p>Debido a que el desempleo y la inseguridad son de los problemas que m\u00e1s aquejan a las y los ciudadanos xalape\u00f1os, el precandidato a esta alcald\u00eda por el Partido Acci\u00f3n Nacional (PAN), Sergio Hern\u00e1ndez Hern\u00e1ndez, inform\u00f3 a los militantes del blanquiazul que, de obtener la candidatura y ganar la presidencia municipal, integrar\u00e1 proyectos como los establecidos en M\u00e9rida, Yucat\u00e1n, que de acuerdo a recientes publicaciones es la ciudad m\u00e1s segura del pa\u00eds.<br \/>\nEl precandidato subray\u00f3 que Xalapa cuenta, de acuerdo al reporte del Instituto Nacional de Estad\u00edstica y Geograf\u00eda (Inegi), con 488 mil 531 habitantes, por lo que es necesario crear estrategias debidamente pensadas y planeadas para combatir los altos \u00edndices de inseguridad que se registran a diario. \u201cPorque los problemas se resuelven con acciones s\u00f3lidas, no con dichos\u201d, agreg\u00f3.<br \/>\nSergio Hern\u00e1ndez destac\u00f3 que -de acuerdo al ranking publicado por la revista CEO World- M\u00e9rida, Yucat\u00e1n (gobernada por Acci\u00f3n Nacional), es la segunda ciudad m\u00e1s segura del continente y una de las mejores del mundo en este ramo. \u201cSi queremos lo mismo para Xalapa es necesario un cambio, de esta manera y con una ciudad segura, se atraer\u00e1n inversiones y por ende se crear\u00e1n los empleos que tanto se necesitan\u201d, precis\u00f3.<br \/>\nAl respecto, el precandidato lament\u00f3 que, con Morena, Xalapa ocupe los primeros lugares a nivel nacional en los delitos de secuestro, robo a casa habitaci\u00f3n, extorsi\u00f3n y feminicidios. Aunado a que a la capital le fueron declaradas dos Alertas por Violencia de G\u00e9nero, sin que al momento la autoridad municipal d\u00e9 los resultados que la sociedad demanda, \u201clo \u00fanico que hacen es salir a declarar discursos vagos y sin una estrategia s\u00f3lida\u201d.<br \/>\nEn su tercer d\u00eda de precampa\u00f1a, Sergio Hern\u00e1ndez agradeci\u00f3 las muestras de cari\u00f1o y respaldo por parte de las y los militantes del PAN, a quienes convoc\u00f3 a continuar cuid\u00e1ndose del coronavirus y a mantener sana distancia, as\u00ed como a implementar las medidas de higiene respectivas.<\/p>\n","protected":false},"excerpt":{"rendered":"<p>&nbsp; Xalapa &nbsp; Debido a que el desempleo y la inseguridad son de los problemas que m\u00e1s aquejan a las y los ciudadanos xalape\u00f1os, el precandidato a esta alcald\u00eda por el Partido Acci\u00f3n Nacional (PAN), Sergio Hern\u00e1ndez Hern\u00e1ndez, inform\u00f3 a los militantes del blanquiazul que, de obtener la candidatura y ganar la presidencia municipal, integrar\u00e1 [&hellip;]<\/p>\n","protected":false},"author":2,"featured_media":0,"comment_status":"open","ping_status":"open","sticky":false,"template":"","format":"standard","meta":{"_jetpack_newsletter_access":"","_jetpack_dont_email_post_to_subs":false,"_jetpack_newsletter_tier_id":0,"_jetpack_memberships_contains_paywalled_content":false,"_jetpack_memberships_contains_paid_content":false,"footnotes":""},"categories":[6446],"tags":[627,826,178,266,24977,14153,6481,96],"class_list":["post-67818","post","type-post","status-publish","format-standard","hentry","category-la-nota","tag-extorsion","tag-feminicidios","tag-inegi","tag-pan","tag-precandidato","tag-robo-a-casa-habitacion","tag-sergio-hernandez-hernandez","tag-xalapa"],"jetpack_featured_media_url":"","jetpack_sharing_enabled":true,"jetpack_shortlink":"https:\/\/wp.me\/p4Qcd3-hDQ","_links":{"self":[{"href":"https:\/\/lospoliticosveracruz.com.mx\/index.php?rest_route=\/wp\/v2\/posts\/67818","targetHints":{"allow":["GET"]}}],"collection":[{"href":"https:\/\/lospoliticosveracruz.com.mx\/index.php?rest_route=\/wp\/v2\/posts"}],"about":[{"href":"https:\/\/lospoliticosveracruz.com.mx\/index.php?rest_route=\/wp\/v2\/types\/post"}],"author":[{"embeddable":true,"href":"https:\/\/lospoliticosveracruz.com.mx\/index.php?rest_route=\/wp\/v2\/users\/2"}],"replies":[{"embeddable":true,"href":"https:\/\/lospoliticosveracruz.com.mx\/index.php?rest_route=%2Fwp%2Fv2%2Fcomments&post=67818"}],"version-history":[{"count":1,"href":"https:\/\/lospoliticosveracruz.com.mx\/index.php?rest_route=\/wp\/v2\/posts\/67818\/revisions"}],"predecessor-version":[{"id":67820,"href":"https:\/\/lospoliticosveracruz.com.mx\/index.php?rest_route=\/wp\/v2\/posts\/67818\/revisions\/67820"}],"wp:attachment":[{"href":"https:\/\/lospoliticosveracruz.com.mx\/index.php?rest_route=%2Fwp%2Fv2%2Fmedia&parent=67818"}],"wp:term":[{"taxonomy":"category","embeddable":true,"href":"https:\/\/lospoliticosveracruz.com.mx\/index.php?rest_route=%2Fwp%2Fv2%2Fcategories&post=67818"},{"taxonomy":"post_tag","embeddable":true,"href":"https:\/\/lospoliticosveracruz.com.mx\/index.php?rest_route=%2Fwp%2Fv2%2Ftags&post=67818"}],"curies":[{"name":"wp","href":"https:\/\/api.w.org\/{rel}","templated":true}]}}