{"id":67821,"date":"2021-02-05T10:55:51","date_gmt":"2021-02-05T16:55:51","guid":{"rendered":"http:\/\/www.lospoliticosveracruz.com.mx\/?p=67821"},"modified":"2021-02-05T10:55:51","modified_gmt":"2021-02-05T16:55:51","slug":"buenos-candidatos-de-server","status":"publish","type":"post","link":"https:\/\/lospoliticosveracruz.com.mx\/?p=67821","title":{"rendered":"Buenos candidatos de Server"},"content":{"rendered":"<p><strong>Sergio Gonz\u00e1lez Levet<\/strong><\/p>\n<p><em>Sin tacto<\/em><\/p>\n<p>&nbsp;<\/p>\n<p>&nbsp;<\/p>\n<p>&nbsp;<\/p>\n<p><em>Hace 20 a\u00f1os le dijeron a mi hermano Ren\u00e9 que le quedaban <\/em><\/p>\n<p><em>seis meses de vida, hoy cumple 73 a\u00f1os y nos felicitamos todos.<\/em><\/p>\n<p>&nbsp;<\/p>\n<p>Platico con el licenciado Hugo Vega Morales, un veracruzano de bien que es el alma de la Sociedad Estatal de Recuperaci\u00f3n Veracruzana (Server). Vea usted, es una agrupaci\u00f3n de ciudadanos preocupados por la terrible situaci\u00f3n que atraviesa el estado.<\/p>\n<p>Don Hugo revisa sus documentos y me dice:<\/p>\n<p>\u201cServer es una asociaci\u00f3n civil, pol\u00edtica pero apartidista, cuyo principal objetivo es recuperar la grandeza de nuestra entidad. Los veracruzanos tenemos la enorme fortuna de vivir en un estado inmensamente rico. Vivimos en un estado que lo tiene todo\u201d.<\/p>\n<p>Lo tiene todo y todo se lo han quitado, pienso para m\u00ed y se lo comparto a mi interlocutor.<\/p>\n<p>\u2014Mira \u2014me responde\u2014, han pasado muchos a\u00f1os en que hemos visto c\u00f3mo se roban las riquezas d nuestro hermoso estado. Con nuestros recursos, deber\u00edamos tener carreteras de primera, vialidades modernas en todas las ciudades, hospitales, escuelas. Los que robaron, no robaron dinero como piensan, se robaron la infraestructura que podr\u00eda hacer mucho mejor la vida de la gente, se robaron la preparaci\u00f3n de buenos maestros, de m\u00e9dicos que salvaran a los enfermos con sus conocimientos y con las medicinas y el instrumental adecuado, \u00e9sos que no tenemos.<\/p>\n<p>De esa inquietud naci\u00f3 la idea de crear una asociaci\u00f3n de personas honorables, preparadas, cansadas de ver c\u00f3mo los recursos p\u00fablicos se quedan en las abultadas cuentas de los pol\u00edticos, en lugar de servir para el bienestar com\u00fan.<\/p>\n<p>Poco a poco, gentilmente, fue tomando forma la idea y se fue haciendo realidad. Personajes de todas las latitudes del estado fueron invitados, convocados, convencidos y se arm\u00f3 un grupo fuerte de veracruzanos que trabajan con un fin definido: recuperar la grandeza de Veracruz, de ah\u00ed el nombre de la Sociedad.<\/p>\n<p>Como era de esperarse, en los nombres de los participantes est\u00e1n los de quienes son referentes en sus regiones, en sus ciudades, en sus pueblos.<\/p>\n<p>Varias cosas ha hecho la Server, y se ha dado a conocer con pronunciamientos fuertes sobre hechos que han sucedido en la entidad. Como es de esperarse, la mayor\u00eda de aqu\u00e9llos censurando acciones del Gobierno y pidiendo cordura a los funcionarios estatales y federales.<\/p>\n<p>Y como era de esperarse tambi\u00e9n, este grupo unido y s\u00f3lido ha sido visto por los partidos pol\u00edticos, que andan en busca de buenos candidatos para ganar votos y\/o elecciones, y ha recibido ofertas al por mayor para que sus integrantes participen en los pr\u00f3ximos comicios y les garanticen el registro y algunos puestos de elecci\u00f3n popular.<\/p>\n<p>Son como una quincea\u00f1era adorable y al parecer c\u00e1ndida, que trae embebidos a sus pretendientes atr\u00e1s de su ilusi\u00f3n.<\/p>\n<p>Ellos han estado abiertos a escuchar los planteamientos que quienes los quieren como candidatos, pero s\u00f3lo aceptar\u00e1n si se cumplen sus condiciones que en realidad es una: ver siempre por el bien de Veracruz.<\/p>\n<p>&nbsp;<\/p>\n<p><a href=\"mailto:sglevet@gmail.com\">sglevet@gmail.com<\/a><\/p>\n","protected":false},"excerpt":{"rendered":"<p>Sergio Gonz\u00e1lez Levet Sin tacto &nbsp; &nbsp; &nbsp; Hace 20 a\u00f1os le dijeron a mi hermano Ren\u00e9 que le quedaban seis meses de vida, hoy cumple 73 a\u00f1os y nos felicitamos todos. &nbsp; Platico con el licenciado Hugo Vega Morales, un veracruzano de bien que es el alma de la Sociedad Estatal de Recuperaci\u00f3n Veracruzana [&hellip;]<\/p>\n","protected":false},"author":2,"featured_media":0,"comment_status":"open","ping_status":"open","sticky":false,"template":"","format":"standard","meta":{"_jetpack_newsletter_access":"","_jetpack_dont_email_post_to_subs":false,"_jetpack_newsletter_tier_id":0,"_jetpack_memberships_contains_paywalled_content":false,"_jetpack_memberships_contains_paid_content":false,"footnotes":""},"categories":[70],"tags":[553,17771,25964,1282,19634,195],"class_list":["post-67821","post","type-post","status-publish","format-standard","hentry","category-de-opinion","tag-eleccion-popular","tag-hugo-vega-morales","tag-recuperacion-veracruzana","tag-sergio-gonzalez-levet","tag-server","tag-veracruz"],"jetpack_featured_media_url":"","jetpack_sharing_enabled":true,"jetpack_shortlink":"https:\/\/wp.me\/p4Qcd3-hDT","_links":{"self":[{"href":"https:\/\/lospoliticosveracruz.com.mx\/index.php?rest_route=\/wp\/v2\/posts\/67821","targetHints":{"allow":["GET"]}}],"collection":[{"href":"https:\/\/lospoliticosveracruz.com.mx\/index.php?rest_route=\/wp\/v2\/posts"}],"about":[{"href":"https:\/\/lospoliticosveracruz.com.mx\/index.php?rest_route=\/wp\/v2\/types\/post"}],"author":[{"embeddable":true,"href":"https:\/\/lospoliticosveracruz.com.mx\/index.php?rest_route=\/wp\/v2\/users\/2"}],"replies":[{"embeddable":true,"href":"https:\/\/lospoliticosveracruz.com.mx\/index.php?rest_route=%2Fwp%2Fv2%2Fcomments&post=67821"}],"version-history":[{"count":1,"href":"https:\/\/lospoliticosveracruz.com.mx\/index.php?rest_route=\/wp\/v2\/posts\/67821\/revisions"}],"predecessor-version":[{"id":67823,"href":"https:\/\/lospoliticosveracruz.com.mx\/index.php?rest_route=\/wp\/v2\/posts\/67821\/revisions\/67823"}],"wp:attachment":[{"href":"https:\/\/lospoliticosveracruz.com.mx\/index.php?rest_route=%2Fwp%2Fv2%2Fmedia&parent=67821"}],"wp:term":[{"taxonomy":"category","embeddable":true,"href":"https:\/\/lospoliticosveracruz.com.mx\/index.php?rest_route=%2Fwp%2Fv2%2Fcategories&post=67821"},{"taxonomy":"post_tag","embeddable":true,"href":"https:\/\/lospoliticosveracruz.com.mx\/index.php?rest_route=%2Fwp%2Fv2%2Ftags&post=67821"}],"curies":[{"name":"wp","href":"https:\/\/api.w.org\/{rel}","templated":true}]}}