{"id":67989,"date":"2021-02-09T12:28:32","date_gmt":"2021-02-09T18:28:32","guid":{"rendered":"http:\/\/www.lospoliticosveracruz.com.mx\/?p=67989"},"modified":"2021-02-09T12:28:32","modified_gmt":"2021-02-09T18:28:32","slug":"es-chingon-ser-de-la-4t","status":"publish","type":"post","link":"https:\/\/lospoliticosveracruz.com.mx\/?p=67989","title":{"rendered":"Es ching\u00f3n ser de la 4T!"},"content":{"rendered":"<p><strong>Xalapa<\/strong><br \/>\nAl asegurar que se siente \u201cching\u00f3n ser de la 4T\u00bb, el aspirante a la alcald\u00eda de Alto Lucero por MORENA Gonzalo Francisco asegur\u00f3 que los j\u00f3venes veracruzanos har\u00e1n la diferencia este pr\u00f3ximo 6 de junio.<br \/>\nY su partido le apuesta a este importante sector de la sociedad.<br \/>\n\u00abLos j\u00f3venes hemos tomado las riendas de nuestro destino , velando siempre por el bien de nuestros pueblos\u00bb.<br \/>\nEl aspirante morenista se registr\u00f3 como precandidato a la presidencia municipal de AltoLucero \u00abpor el partido que ha sido casa de puertas abiertas para recibir proyectos de buena voluntad y honestidad.\u00bb<br \/>\nSe dijo convencido de que unidos y organizados \u00bb lograremos la consolidaci\u00f3n de la cuarta transformaci\u00f3n\u00bb.<br \/>\nEn ese sentido, se sum\u00f3 al \u00abtrabajo incansable \u00bb de nuestro Presidente Andr\u00e9s Manuel L\u00f3pez Obrador y de la gran labor de nuestro gobernador Cuitl\u00e1huac Garc\u00eda Jim\u00e9nez. \u00ab<\/p>\n","protected":false},"excerpt":{"rendered":"<p>Xalapa Al asegurar que se siente \u201cching\u00f3n ser de la 4T\u00bb, el aspirante a la alcald\u00eda de Alto Lucero por MORENA Gonzalo Francisco asegur\u00f3 que los j\u00f3venes veracruzanos har\u00e1n la diferencia este pr\u00f3ximo 6 de junio. Y su partido le apuesta a este importante sector de la sociedad. \u00abLos j\u00f3venes hemos tomado las riendas de [&hellip;]<\/p>\n","protected":false},"author":2,"featured_media":0,"comment_status":"open","ping_status":"open","sticky":false,"template":"","format":"standard","meta":{"_jetpack_newsletter_access":"","_jetpack_dont_email_post_to_subs":false,"_jetpack_newsletter_tier_id":0,"_jetpack_memberships_contains_paywalled_content":false,"_jetpack_memberships_contains_paid_content":false,"footnotes":""},"categories":[6446],"tags":[17426,618,1563,26074,1026],"class_list":["post-67989","post","type-post","status-publish","format-standard","hentry","category-la-nota","tag-4t","tag-andres-manuel-lopez-obrador","tag-cuitlahuac-garcia-jimenez","tag-gonzalo-francisco","tag-morena"],"jetpack_featured_media_url":"","jetpack_sharing_enabled":true,"jetpack_shortlink":"https:\/\/wp.me\/p4Qcd3-hGB","_links":{"self":[{"href":"https:\/\/lospoliticosveracruz.com.mx\/index.php?rest_route=\/wp\/v2\/posts\/67989","targetHints":{"allow":["GET"]}}],"collection":[{"href":"https:\/\/lospoliticosveracruz.com.mx\/index.php?rest_route=\/wp\/v2\/posts"}],"about":[{"href":"https:\/\/lospoliticosveracruz.com.mx\/index.php?rest_route=\/wp\/v2\/types\/post"}],"author":[{"embeddable":true,"href":"https:\/\/lospoliticosveracruz.com.mx\/index.php?rest_route=\/wp\/v2\/users\/2"}],"replies":[{"embeddable":true,"href":"https:\/\/lospoliticosveracruz.com.mx\/index.php?rest_route=%2Fwp%2Fv2%2Fcomments&post=67989"}],"version-history":[{"count":1,"href":"https:\/\/lospoliticosveracruz.com.mx\/index.php?rest_route=\/wp\/v2\/posts\/67989\/revisions"}],"predecessor-version":[{"id":67991,"href":"https:\/\/lospoliticosveracruz.com.mx\/index.php?rest_route=\/wp\/v2\/posts\/67989\/revisions\/67991"}],"wp:attachment":[{"href":"https:\/\/lospoliticosveracruz.com.mx\/index.php?rest_route=%2Fwp%2Fv2%2Fmedia&parent=67989"}],"wp:term":[{"taxonomy":"category","embeddable":true,"href":"https:\/\/lospoliticosveracruz.com.mx\/index.php?rest_route=%2Fwp%2Fv2%2Fcategories&post=67989"},{"taxonomy":"post_tag","embeddable":true,"href":"https:\/\/lospoliticosveracruz.com.mx\/index.php?rest_route=%2Fwp%2Fv2%2Ftags&post=67989"}],"curies":[{"name":"wp","href":"https:\/\/api.w.org\/{rel}","templated":true}]}}