{"id":67993,"date":"2021-02-09T12:55:26","date_gmt":"2021-02-09T18:55:26","guid":{"rendered":"http:\/\/www.lospoliticosveracruz.com.mx\/?p=67993"},"modified":"2021-02-09T12:55:26","modified_gmt":"2021-02-09T18:55:26","slug":"urge-aplicar-el-jon-ofix-indira","status":"publish","type":"post","link":"https:\/\/lospoliticosveracruz.com.mx\/?p=67993","title":{"rendered":"Urge aplicar el jon-ofix!: Indira"},"content":{"rendered":"<p>&nbsp;<\/p>\n<p><strong>Veracruz<\/strong><br \/>\nLa Senadora Indira Rosales resalt\u00f3 que, derivado de la entrada en vigor de la reforma a la Ley Federal del Trabajo en materia de teletrabajo o home office, se deber\u00e1 garantizar que las y lo trabajadores veracruzanos cuenten con los insumos necesarios para llevar a cabo sus actividades laborales en condiciones dignas.<br \/>\nLa reforma al art\u00edculo 311 de la Ley Federal del Trabajo establece que el trabajador que desarrolla m\u00e1s del 40% del tiempo sus actividades en casa deber\u00e1 contar con los equipos necesarios para trabajar desde su vivienda, recibir los costos derivados de los servicios de internet y luz, desconexi\u00f3n al t\u00e9rmino de la jornada laboral y deber\u00e1n contar con seguridad social. Asimismo, en caso de incumplimiento, los patrones podr\u00edan pagar una multa de hasta 217 mil pesos.<br \/>\n\u201cLa reforma es muy clara, su objetivo es regular la forma en la que en los \u00faltimos meses miles de personas han venido cumpliendo con sus funciones de trabajo; sin embargo ser\u00e1 imposible de ser aplicada si contin\u00faa el Gobierno Federal con la negativa de generar incentivos a la iniciativa privada\u201d, detall\u00f3.<br \/>\n\u201cA esto se agrega que el ingreso de m\u00e1s del 40% de los trabajadores disminuy\u00f3. Realmente es una situaci\u00f3n dif\u00edcil en materia laboral. En el caso del estado de Veracruz, los apoyos han sido nulos y las empresas est\u00e1n a punto de colapsar. Urgen acciones que realmente protejan a los trabajadores y permitan que la reforma funcione, de otra forma, se quedar\u00e1 solo en el papel\u201d, dijo.<br \/>\nEsta modificaci\u00f3n tambi\u00e9n contempla que este esquema forme parte del contrato colectivo de trabajo, que en el mediano plazo permita la conciliaci\u00f3n de vida personal y trabajo, especialmente para las mujeres.<br \/>\n\u201cEn otros pa\u00edses desde hace a\u00f1os se ha regulado el teletrabajo como una forma de conciliar la vida familiar con el trabajo, dirigido a hombres y mujeres; sin embargo se encuentra mayormente dirgido a mujeres que por inflexibilidad de la jornada laboral se ven obligadas a dejar su vida laboral\u201d, finaliz\u00f3.<\/p>\n","protected":false},"excerpt":{"rendered":"<p>&nbsp; Veracruz La Senadora Indira Rosales resalt\u00f3 que, derivado de la entrada en vigor de la reforma a la Ley Federal del Trabajo en materia de teletrabajo o home office, se deber\u00e1 garantizar que las y lo trabajadores veracruzanos cuenten con los insumos necesarios para llevar a cabo sus actividades laborales en condiciones dignas. La [&hellip;]<\/p>\n","protected":false},"author":2,"featured_media":0,"comment_status":"open","ping_status":"open","sticky":false,"template":"","format":"standard","meta":{"_jetpack_newsletter_access":"","_jetpack_dont_email_post_to_subs":false,"_jetpack_newsletter_tier_id":0,"_jetpack_memberships_contains_paywalled_content":false,"_jetpack_memberships_contains_paid_content":false,"footnotes":""},"categories":[73],"tags":[2056,5514,13143],"class_list":["post-67993","post","type-post","status-publish","format-standard","hentry","category-de-boleto","tag-gobierno-federal","tag-indira-rosales","tag-ley-federal-del-trabajo"],"jetpack_featured_media_url":"","jetpack_sharing_enabled":true,"jetpack_shortlink":"https:\/\/wp.me\/p4Qcd3-hGF","_links":{"self":[{"href":"https:\/\/lospoliticosveracruz.com.mx\/index.php?rest_route=\/wp\/v2\/posts\/67993","targetHints":{"allow":["GET"]}}],"collection":[{"href":"https:\/\/lospoliticosveracruz.com.mx\/index.php?rest_route=\/wp\/v2\/posts"}],"about":[{"href":"https:\/\/lospoliticosveracruz.com.mx\/index.php?rest_route=\/wp\/v2\/types\/post"}],"author":[{"embeddable":true,"href":"https:\/\/lospoliticosveracruz.com.mx\/index.php?rest_route=\/wp\/v2\/users\/2"}],"replies":[{"embeddable":true,"href":"https:\/\/lospoliticosveracruz.com.mx\/index.php?rest_route=%2Fwp%2Fv2%2Fcomments&post=67993"}],"version-history":[{"count":1,"href":"https:\/\/lospoliticosveracruz.com.mx\/index.php?rest_route=\/wp\/v2\/posts\/67993\/revisions"}],"predecessor-version":[{"id":67994,"href":"https:\/\/lospoliticosveracruz.com.mx\/index.php?rest_route=\/wp\/v2\/posts\/67993\/revisions\/67994"}],"wp:attachment":[{"href":"https:\/\/lospoliticosveracruz.com.mx\/index.php?rest_route=%2Fwp%2Fv2%2Fmedia&parent=67993"}],"wp:term":[{"taxonomy":"category","embeddable":true,"href":"https:\/\/lospoliticosveracruz.com.mx\/index.php?rest_route=%2Fwp%2Fv2%2Fcategories&post=67993"},{"taxonomy":"post_tag","embeddable":true,"href":"https:\/\/lospoliticosveracruz.com.mx\/index.php?rest_route=%2Fwp%2Fv2%2Ftags&post=67993"}],"curies":[{"name":"wp","href":"https:\/\/api.w.org\/{rel}","templated":true}]}}