{"id":68009,"date":"2021-02-09T15:05:25","date_gmt":"2021-02-09T21:05:25","guid":{"rendered":"http:\/\/www.lospoliticosveracruz.com.mx\/?p=68009"},"modified":"2021-02-09T15:05:25","modified_gmt":"2021-02-09T21:05:25","slug":"voltearan-la-estancia-garnica","status":"publish","type":"post","link":"https:\/\/lospoliticosveracruz.com.mx\/?p=68009","title":{"rendered":"Voltear\u00e1n la Estancia Garnica!"},"content":{"rendered":"<p><strong>Xalapa<\/strong><\/p>\n<p>La Comisi\u00f3n Estatal de B\u00fasqueda dar\u00e1 a conocer la fecha en la que se iniciar\u00e1 la b\u00fasqueda de restos humanos en lo que fuera la Estancia Garnica y que posteriormente fue cuartel militar, inform\u00f3 Fabiola Pensando, integrante del Colectivo Familiares Enlace Xalapa.<br \/>\nLa directora del Instituto de Pensiones del Estado, Daniela Griego Ceballos, defini\u00f3 su disposici\u00f3n para que se haga b\u00fasqueda de restos humanos en dicho lugar.<br \/>\n\u00abHay una programada, pero ser\u00e1 la Comisi\u00f3n Estatal de B\u00fasqueda la que lance el comunicado, porque as\u00ed fue el acuerdo en una reuni\u00f3n. Ser\u00e1n ellos los que digan que se har\u00e1 b\u00fasqueda en tal lugar para que, a partir de ah\u00ed, los colectivos podamos informar\u00bb, indic\u00f3.<br \/>\nRecord\u00f3 que la semana pasada se reunieron con la titular del IPE, quien les inform\u00f3 que s\u00f3lo necesitaba extender diversos oficios para que se pudiera ingresar.<br \/>\n\u00abAl menos a nosotros nos dijeron que est\u00e1n en la mejor disposici\u00f3n y lo que pedimos es que se haga un an\u00e1lisis un contexto y sea una buena b\u00fasqueda\u00bb.<\/p>\n","protected":false},"excerpt":{"rendered":"<p>Xalapa La Comisi\u00f3n Estatal de B\u00fasqueda dar\u00e1 a conocer la fecha en la que se iniciar\u00e1 la b\u00fasqueda de restos humanos en lo que fuera la Estancia Garnica y que posteriormente fue cuartel militar, inform\u00f3 Fabiola Pensando, integrante del Colectivo Familiares Enlace Xalapa. La directora del Instituto de Pensiones del Estado, Daniela Griego Ceballos, defini\u00f3 [&hellip;]<\/p>\n","protected":false},"author":2,"featured_media":0,"comment_status":"open","ping_status":"open","sticky":false,"template":"","format":"standard","meta":{"_jetpack_newsletter_access":"","_jetpack_dont_email_post_to_subs":false,"_jetpack_newsletter_tier_id":0,"_jetpack_memberships_contains_paywalled_content":false,"_jetpack_memberships_contains_paid_content":false,"footnotes":""},"categories":[6446],"tags":[10022,16367,6657,4287,26080,7875],"class_list":["post-68009","post","type-post","status-publish","format-standard","hentry","category-la-nota","tag-colectivo","tag-comision-estatal-de-busqueda","tag-daniela-griego-ceballos","tag-estancia-garnica","tag-fabiola-pensando","tag-restos-humanos"],"jetpack_featured_media_url":"","jetpack_sharing_enabled":true,"jetpack_shortlink":"https:\/\/wp.me\/p4Qcd3-hGV","_links":{"self":[{"href":"https:\/\/lospoliticosveracruz.com.mx\/index.php?rest_route=\/wp\/v2\/posts\/68009","targetHints":{"allow":["GET"]}}],"collection":[{"href":"https:\/\/lospoliticosveracruz.com.mx\/index.php?rest_route=\/wp\/v2\/posts"}],"about":[{"href":"https:\/\/lospoliticosveracruz.com.mx\/index.php?rest_route=\/wp\/v2\/types\/post"}],"author":[{"embeddable":true,"href":"https:\/\/lospoliticosveracruz.com.mx\/index.php?rest_route=\/wp\/v2\/users\/2"}],"replies":[{"embeddable":true,"href":"https:\/\/lospoliticosveracruz.com.mx\/index.php?rest_route=%2Fwp%2Fv2%2Fcomments&post=68009"}],"version-history":[{"count":1,"href":"https:\/\/lospoliticosveracruz.com.mx\/index.php?rest_route=\/wp\/v2\/posts\/68009\/revisions"}],"predecessor-version":[{"id":68011,"href":"https:\/\/lospoliticosveracruz.com.mx\/index.php?rest_route=\/wp\/v2\/posts\/68009\/revisions\/68011"}],"wp:attachment":[{"href":"https:\/\/lospoliticosveracruz.com.mx\/index.php?rest_route=%2Fwp%2Fv2%2Fmedia&parent=68009"}],"wp:term":[{"taxonomy":"category","embeddable":true,"href":"https:\/\/lospoliticosveracruz.com.mx\/index.php?rest_route=%2Fwp%2Fv2%2Fcategories&post=68009"},{"taxonomy":"post_tag","embeddable":true,"href":"https:\/\/lospoliticosveracruz.com.mx\/index.php?rest_route=%2Fwp%2Fv2%2Ftags&post=68009"}],"curies":[{"name":"wp","href":"https:\/\/api.w.org\/{rel}","templated":true}]}}