{"id":68126,"date":"2021-02-12T07:30:43","date_gmt":"2021-02-12T13:30:43","guid":{"rendered":"http:\/\/www.lospoliticosveracruz.com.mx\/?p=68126"},"modified":"2021-02-12T07:30:43","modified_gmt":"2021-02-12T13:30:43","slug":"daniela-fuerza-por-las-mujeres","status":"publish","type":"post","link":"https:\/\/lospoliticosveracruz.com.mx\/?p=68126","title":{"rendered":"Daniela, Fuerza por las mujeres"},"content":{"rendered":"<p><strong>Coatepec<\/strong><\/p>\n<p>La precandidata de Fuerza por M\u00e9xico a la diputaci\u00f3n local por Coatepec, Daniela Bl\u00e1zquez Castillo quiere ser la voz de las mujeres y de la sociedad para contribuir con propuestas para mejorar el distrito que busca representar.<br \/>\nEn el contexto del proceso electoral destac\u00f3 que hay una gran participaci\u00f3n de ciudadanos que buscan sumarse al nuevo instituto pol\u00edtico nacional.<br \/>\n\u201cTienen todo el entusiasmo de sumarse a nuevo partido y que hagamos nuevas propuestas e iniciativas\u201d.<br \/>\nSobre su aspiraci\u00f3n a contender por un cargo de elecci\u00f3n popular coment\u00f3 que busca que haya una participaci\u00f3n conjunta entre sociedad y autoridades.<br \/>\n\u201cHoy me sumo porque tengo las ganas, la energ\u00eda de hacer nuevas propuestas, de unir a la sociedad, que hagamos equipo y juntos podamos hacer proyectos\u201d.<br \/>\nAl indicar que Fuerza por M\u00e9xico es una alternativa para los coatepecanos y particularmente para las mujeres, las invit\u00f3 a sumarse.<br \/>\nDaniela Bl\u00e1zquez record\u00f3 que desde hace diez a\u00f1os tiene una asociaci\u00f3n civil que ha respaldado a la poblaci\u00f3n, \u201chemos estado en contingencias, emergencias, y hemos apoyado a la sociedad civil que ha resultado afectada en sus viviendas\u201d.<br \/>\nAdem\u00e1s del trabajo legislativo, mencion\u00f3 que tambi\u00e9n busca generar acciones que permitan mejorar la econom\u00eda y el turismo del distrito.<br \/>\n\u201cImpulsar la econom\u00eda y el turismo que ha sido impactado por la pandemia del coronavirus, que podamos sumar a las comunidades de la regi\u00f3n\u201d.<br \/>\nEn ese sentido, destac\u00f3 que la regi\u00f3n de Coatepec cuenta con muchos atractivos, \u201ctiene una riqueza enorme y muchas comunidades no la han denotado, tenemos el bosque mes\u00f3filo, el bosque de niebla y una gran variedad de orqu\u00eddeas\u201d.<\/p>\n","protected":false},"excerpt":{"rendered":"<p>Coatepec La precandidata de Fuerza por M\u00e9xico a la diputaci\u00f3n local por Coatepec, Daniela Bl\u00e1zquez Castillo quiere ser la voz de las mujeres y de la sociedad para contribuir con propuestas para mejorar el distrito que busca representar. En el contexto del proceso electoral destac\u00f3 que hay una gran participaci\u00f3n de ciudadanos que buscan sumarse [&hellip;]<\/p>\n","protected":false},"author":2,"featured_media":0,"comment_status":"open","ping_status":"open","sticky":false,"template":"","format":"standard","meta":{"_jetpack_newsletter_access":"","_jetpack_dont_email_post_to_subs":false,"_jetpack_newsletter_tier_id":0,"_jetpack_memberships_contains_paywalled_content":false,"_jetpack_memberships_contains_paid_content":false,"footnotes":""},"categories":[73],"tags":[26139,26138,277,26137,24637,11193],"class_list":["post-68126","post","type-post","status-publish","format-standard","hentry","category-de-boleto","tag-bosque-de-niebla","tag-cargo-de-eleccion-popular","tag-coatepec","tag-daniela-blazquez-castillo","tag-fuerza-por-mexico","tag-proceso-electoral"],"jetpack_featured_media_url":"","jetpack_sharing_enabled":true,"jetpack_shortlink":"https:\/\/wp.me\/p4Qcd3-hIO","_links":{"self":[{"href":"https:\/\/lospoliticosveracruz.com.mx\/index.php?rest_route=\/wp\/v2\/posts\/68126","targetHints":{"allow":["GET"]}}],"collection":[{"href":"https:\/\/lospoliticosveracruz.com.mx\/index.php?rest_route=\/wp\/v2\/posts"}],"about":[{"href":"https:\/\/lospoliticosveracruz.com.mx\/index.php?rest_route=\/wp\/v2\/types\/post"}],"author":[{"embeddable":true,"href":"https:\/\/lospoliticosveracruz.com.mx\/index.php?rest_route=\/wp\/v2\/users\/2"}],"replies":[{"embeddable":true,"href":"https:\/\/lospoliticosveracruz.com.mx\/index.php?rest_route=%2Fwp%2Fv2%2Fcomments&post=68126"}],"version-history":[{"count":1,"href":"https:\/\/lospoliticosveracruz.com.mx\/index.php?rest_route=\/wp\/v2\/posts\/68126\/revisions"}],"predecessor-version":[{"id":68128,"href":"https:\/\/lospoliticosveracruz.com.mx\/index.php?rest_route=\/wp\/v2\/posts\/68126\/revisions\/68128"}],"wp:attachment":[{"href":"https:\/\/lospoliticosveracruz.com.mx\/index.php?rest_route=%2Fwp%2Fv2%2Fmedia&parent=68126"}],"wp:term":[{"taxonomy":"category","embeddable":true,"href":"https:\/\/lospoliticosveracruz.com.mx\/index.php?rest_route=%2Fwp%2Fv2%2Fcategories&post=68126"},{"taxonomy":"post_tag","embeddable":true,"href":"https:\/\/lospoliticosveracruz.com.mx\/index.php?rest_route=%2Fwp%2Fv2%2Ftags&post=68126"}],"curies":[{"name":"wp","href":"https:\/\/api.w.org\/{rel}","templated":true}]}}