{"id":68147,"date":"2021-02-12T13:00:16","date_gmt":"2021-02-12T19:00:16","guid":{"rendered":"http:\/\/www.lospoliticosveracruz.com.mx\/?p=68147"},"modified":"2021-02-12T13:00:16","modified_gmt":"2021-02-12T19:00:16","slug":"la-rebelion-de-las-sociedades","status":"publish","type":"post","link":"https:\/\/lospoliticosveracruz.com.mx\/?p=68147","title":{"rendered":"La rebeli\u00f3n de las sociedades"},"content":{"rendered":"<p>&nbsp;<\/p>\n<p><strong>Jorge V\u00e1zquez Sangabriel<\/strong><br \/>\n<em>Palimpsesto<\/em><\/p>\n<p>La negaci\u00f3n o rechazo a las creencias establecidas en cada momento hist\u00f3rico, que a la humanidad le ha tocado vivir; normas sociales, pol\u00edticas, jur\u00eddicas, religiosas, acad\u00e9micas, cient\u00edficas, del arte o de la hacienda, que contraen y constri\u00f1en la estructura del pensamiento, la integridad y la dignidad humana de una sociedad; existen hombres que pugnan por la raz\u00f3n, por ello elevan la flama interior de su esp\u00edritu, se rebelan e impulsan la fuerza de su voluntad, del pensamiento, construyendo nuevos horizontes; provocando y creando as\u00ed, evoluci\u00f3n, cuando encuentran razones suficientes para abjurar de esas creencias establecidas en c\u00f3digos sociales que desequilibran el pensamiento individual y colectivo, con \u00abel enraizamiento de lo cotidiano\u00bb, lo establecido, el, debe de ser, siendo que esas exaltaciones de rebeld\u00eda, asombran a quienes se han circunscrito en las limitaciones de un comportamiento ortodoxo, estatizado, dominante, que somete la condici\u00f3n de las personas, es la rebeli\u00f3n la causa del hartazgo, acompa\u00f1ada de la conducta voluntariosa de lucha, demostrando los hechos como son, la realidad real, la verdad verdadera, en donde las generaciones futuras reconocen, aunque tarde, la bienaventuranza, alabando la fuerza de esa voluntad que se tuvo, que permite o permiti\u00f3 fustigar la consciencia de quienes no se acostumbran al sometimiento de la colonizaci\u00f3n mental,\u2026 y ello convierte a las rebeliones,\u2026en un bien para la humanidad.<br \/>\nOponerse, rechazar, intentar volar a mayor altura, como si se fuera un Juan Salvador Gaviota, somete a quien lo intenta, a la depredaci\u00f3n de a quienes su estrechez de pensamiento invocan las tinieblas del oscurantismo; es por ello, que la profundidad de entendimiento, de la raz\u00f3n, tiene que ser atrevida\u2026 atreverse significa liberaci\u00f3n.<br \/>\nJames Aggrey, pensaba, que para liberar la consciencia de un pueblo esclavizado, colonizado por ideas de dominaci\u00f3n que explotan, encadenan y someten a los seres humanos, y a la vida toda, hab\u00eda que erradicar los contextos que crean esos pensamientos esclavizantes, los cuales desmoralizan, deterioran, sin piedad a los colonizados.<br \/>\nAggrey, uno de los libertadores del pensamiento africano, dej\u00f3 como legado, erradicar el machaqueo ideol\u00f3gico constante, que acaba hospedado dentro de s\u00ed en el pensamiento de los habitantes de un pueblo.<br \/>\nLa colonizaci\u00f3n del pensamiento evoca creencias y costumbres de mansedumbre, de alienaci\u00f3n que permite a los poderosos tratar a los seres humanos y a todas las especies dominadas, de forma desigual.<br \/>\nLos seres humanos, como lo se\u00f1ala la filosof\u00eda hind\u00fa: Somos lo que nuestro m\u00e1s profundo deseo es\u2026 como es nuestro deseo, es nuestra voluntad; de ah\u00ed, de ese deseo, de la voluntad de los individuos y de las sociedades, establecen sus acciones\u2026y ello, determina su destino.<\/p>\n<p>Sint\u00e1cticas<br \/>\nDe Marie de Vichy-Chamrond, atractiva e inteligente, Madame du Deffand, mujer de letras, epistol\u00f3grafa, saloni\u00e8re francesa, 1742-1780, siglo XVIII:<br \/>\nDu Deffand, replicando al cardenal Pilignac, cuando \u00e9ste insist\u00eda edificantemente en el milagro de San Dionisio, que anduvo m\u00e1s de dos leguas -\u00a1dos leguas, imag\u00ednense, se\u00f1oras m\u00edas!- con la cabeza bajo el brazo tras su martirio:.. \u00ab\u00a1Ah, monse\u00f1or, lo que m\u00e1s cuesta\u2026es el primer paso!<br \/>\nDe la duquesa de La Valli\u00e8re, de legendaria belleza, amante de Luis XIV de Francia:<br \/>\nRespondiendo a un antiguo adorador que nunca se hab\u00eda atrevido a confesarle sus sentimientos:<br \/>\n\u00a1Ay, Dios m\u00edo!.. \u00bfPero por qu\u00e9 no habl\u00f3 usted?.. Me habr\u00eda tenido como todos los otros.<br \/>\nDe Charles Augustin Sainte-Beuve (1804-1869), cr\u00edtico literario:<br \/>\nMadame du Deffand, es con Voltaire, en la prosa, el cl\u00e1sico m\u00e1s puro de su \u00e9poca.<br \/>\nRachmaninov. Piano Concerto No. 2 in C Minor op. 18. Alexis Weissenberg. Herbert von Karajan:<br \/>\n<em><strong><a href=\"https:\/\/www.youtube.com\/watch?v=cpJnJAXOw84\">https:\/\/www.youtube.com\/watch?v=cpJnJAXOw84<\/a><\/strong><\/em><\/p>\n","protected":false},"excerpt":{"rendered":"<p>&nbsp; Jorge V\u00e1zquez Sangabriel Palimpsesto La negaci\u00f3n o rechazo a las creencias establecidas en cada momento hist\u00f3rico, que a la humanidad le ha tocado vivir; normas sociales, pol\u00edticas, jur\u00eddicas, religiosas, acad\u00e9micas, cient\u00edficas, del arte o de la hacienda, que contraen y constri\u00f1en la estructura del pensamiento, la integridad y la dignidad humana de una sociedad; [&hellip;]<\/p>\n","protected":false},"author":2,"featured_media":0,"comment_status":"open","ping_status":"open","sticky":false,"template":"","format":"standard","meta":{"_jetpack_newsletter_access":"","_jetpack_dont_email_post_to_subs":false,"_jetpack_newsletter_tier_id":0,"_jetpack_memberships_contains_paywalled_content":false,"_jetpack_memberships_contains_paid_content":false,"footnotes":""},"categories":[70],"tags":[26153,26145,17151,26150,26148,26149,26147,22324,26151,26146],"class_list":["post-68147","post","type-post","status-publish","format-standard","hentry","category-de-opinion","tag-cientificas","tag-depredacion","tag-jorge-vazquez-sangabriel","tag-juridicas","tag-libertadores","tag-normas-sociales","tag-pensamientos-esclavizantes","tag-politicas","tag-religiosas","tag-san-dionisio"],"jetpack_featured_media_url":"","jetpack_sharing_enabled":true,"jetpack_shortlink":"https:\/\/wp.me\/p4Qcd3-hJ9","_links":{"self":[{"href":"https:\/\/lospoliticosveracruz.com.mx\/index.php?rest_route=\/wp\/v2\/posts\/68147","targetHints":{"allow":["GET"]}}],"collection":[{"href":"https:\/\/lospoliticosveracruz.com.mx\/index.php?rest_route=\/wp\/v2\/posts"}],"about":[{"href":"https:\/\/lospoliticosveracruz.com.mx\/index.php?rest_route=\/wp\/v2\/types\/post"}],"author":[{"embeddable":true,"href":"https:\/\/lospoliticosveracruz.com.mx\/index.php?rest_route=\/wp\/v2\/users\/2"}],"replies":[{"embeddable":true,"href":"https:\/\/lospoliticosveracruz.com.mx\/index.php?rest_route=%2Fwp%2Fv2%2Fcomments&post=68147"}],"version-history":[{"count":1,"href":"https:\/\/lospoliticosveracruz.com.mx\/index.php?rest_route=\/wp\/v2\/posts\/68147\/revisions"}],"predecessor-version":[{"id":68149,"href":"https:\/\/lospoliticosveracruz.com.mx\/index.php?rest_route=\/wp\/v2\/posts\/68147\/revisions\/68149"}],"wp:attachment":[{"href":"https:\/\/lospoliticosveracruz.com.mx\/index.php?rest_route=%2Fwp%2Fv2%2Fmedia&parent=68147"}],"wp:term":[{"taxonomy":"category","embeddable":true,"href":"https:\/\/lospoliticosveracruz.com.mx\/index.php?rest_route=%2Fwp%2Fv2%2Fcategories&post=68147"},{"taxonomy":"post_tag","embeddable":true,"href":"https:\/\/lospoliticosveracruz.com.mx\/index.php?rest_route=%2Fwp%2Fv2%2Ftags&post=68147"}],"curies":[{"name":"wp","href":"https:\/\/api.w.org\/{rel}","templated":true}]}}