{"id":68173,"date":"2021-02-13T10:34:52","date_gmt":"2021-02-13T16:34:52","guid":{"rendered":"http:\/\/www.lospoliticosveracruz.com.mx\/?p=68173"},"modified":"2021-02-13T10:34:52","modified_gmt":"2021-02-13T16:34:52","slug":"pontelo","status":"publish","type":"post","link":"https:\/\/lospoliticosveracruz.com.mx\/?p=68173","title":{"rendered":"P\u00f3ntelo!"},"content":{"rendered":"<p><strong>Xalapa<\/strong><\/p>\n<p>En el marco del conmemorativo del \u201cD\u00eda Internacional del Cond\u00f3n\u201d, el Instituto Mexicano del Seguro Social (IMSS), en Veracruz Norte informa a toda la poblaci\u00f3n la importancia del uso del cond\u00f3n para evitar enfermedades de trasmisi\u00f3n sexual (ETS) y prevenir embarazos no deseados.<br \/>\nEl cond\u00f3n es un dispositivo de l\u00e1tex que se emplea como m\u00e9todo de barrera para prevenir enfermedades de transmisi\u00f3n sexual, el cual tiene una eficacia del 99 por ciento, coment\u00f3 la enfermera Intensivista del Hospital General de Zona (HGZ) No. 11, Fanny Serrano Dom\u00ednguez.<br \/>\nLos mitos m\u00e1s comunes que se conocen son la disminuci\u00f3n de la sensibilidad y que estos se rompan o deslicen, teniendo una muy baja probabilidad, ya que su fabricaci\u00f3n esta supervisada por rigurosas pruebas de calidad.<br \/>\nMencion\u00f3 la enfermera que es importante abrir con cuidado la envoltura, evitar abrirlos con los dientes u otro objeto filoso; antes de colocarlo, se debe sostener la punta del cond\u00f3n y sacar el aire para dejar espacio al semen despu\u00e9s de la eyaculaci\u00f3n, se retira y envuelve en papel higi\u00e9nico para ser depositado en la basura.<br \/>\nLa especialista recomend\u00f3 a la poblaci\u00f3n en general, a acercarse a las Unidades de Medicina Familiar (UMF) u Hospitales para solicitar preservativos, como a su vez orientaci\u00f3n en materia de higiene y orientaci\u00f3n sexual.<\/p>\n","protected":false},"excerpt":{"rendered":"<p>Xalapa En el marco del conmemorativo del \u201cD\u00eda Internacional del Cond\u00f3n\u201d, el Instituto Mexicano del Seguro Social (IMSS), en Veracruz Norte informa a toda la poblaci\u00f3n la importancia del uso del cond\u00f3n para evitar enfermedades de trasmisi\u00f3n sexual (ETS) y prevenir embarazos no deseados. El cond\u00f3n es un dispositivo de l\u00e1tex que se emplea como [&hellip;]<\/p>\n","protected":false},"author":2,"featured_media":0,"comment_status":"open","ping_status":"open","sticky":false,"template":"","format":"standard","meta":{"_jetpack_newsletter_access":"","_jetpack_dont_email_post_to_subs":false,"_jetpack_newsletter_tier_id":0,"_jetpack_memberships_contains_paywalled_content":false,"_jetpack_memberships_contains_paid_content":false,"footnotes":""},"categories":[73],"tags":[26167,26168,24440,26169,1208,22447,11159],"class_list":["post-68173","post","type-post","status-publish","format-standard","hentry","category-de-boleto","tag-dia-internacional-del-condon","tag-embarazos-no-deseados","tag-ets","tag-fanny-serrano-dominguez","tag-imss","tag-umf","tag-veracruz-norte"],"jetpack_featured_media_url":"","jetpack_sharing_enabled":true,"jetpack_shortlink":"https:\/\/wp.me\/s4Qcd3-pontelo","_links":{"self":[{"href":"https:\/\/lospoliticosveracruz.com.mx\/index.php?rest_route=\/wp\/v2\/posts\/68173","targetHints":{"allow":["GET"]}}],"collection":[{"href":"https:\/\/lospoliticosveracruz.com.mx\/index.php?rest_route=\/wp\/v2\/posts"}],"about":[{"href":"https:\/\/lospoliticosveracruz.com.mx\/index.php?rest_route=\/wp\/v2\/types\/post"}],"author":[{"embeddable":true,"href":"https:\/\/lospoliticosveracruz.com.mx\/index.php?rest_route=\/wp\/v2\/users\/2"}],"replies":[{"embeddable":true,"href":"https:\/\/lospoliticosveracruz.com.mx\/index.php?rest_route=%2Fwp%2Fv2%2Fcomments&post=68173"}],"version-history":[{"count":1,"href":"https:\/\/lospoliticosveracruz.com.mx\/index.php?rest_route=\/wp\/v2\/posts\/68173\/revisions"}],"predecessor-version":[{"id":68175,"href":"https:\/\/lospoliticosveracruz.com.mx\/index.php?rest_route=\/wp\/v2\/posts\/68173\/revisions\/68175"}],"wp:attachment":[{"href":"https:\/\/lospoliticosveracruz.com.mx\/index.php?rest_route=%2Fwp%2Fv2%2Fmedia&parent=68173"}],"wp:term":[{"taxonomy":"category","embeddable":true,"href":"https:\/\/lospoliticosveracruz.com.mx\/index.php?rest_route=%2Fwp%2Fv2%2Fcategories&post=68173"},{"taxonomy":"post_tag","embeddable":true,"href":"https:\/\/lospoliticosveracruz.com.mx\/index.php?rest_route=%2Fwp%2Fv2%2Ftags&post=68173"}],"curies":[{"name":"wp","href":"https:\/\/api.w.org\/{rel}","templated":true}]}}