{"id":68188,"date":"2021-02-14T09:38:02","date_gmt":"2021-02-14T15:38:02","guid":{"rendered":"http:\/\/www.lospoliticosveracruz.com.mx\/?p=68188"},"modified":"2021-02-14T09:38:02","modified_gmt":"2021-02-14T15:38:02","slug":"orizaba-la-estrategia-equivocada","status":"publish","type":"post","link":"https:\/\/lospoliticosveracruz.com.mx\/?p=68188","title":{"rendered":"Orizaba, la estrategia equivocada"},"content":{"rendered":"<p><strong>Ricardo Ch\u00faa<\/strong><\/p>\n<p><em>Sale y Vale<\/em><\/p>\n<p>ORIZABA&#8230; Pase lo que pase con el tema de los polic\u00edas municipales de Orizaba y la llegada de los elementos de la Secretar\u00eda de Seguridad P\u00fablica del Estado a cuidar la ciudad&#8230; Despu\u00e9s de que el mando lo tom\u00f3 la administraci\u00f3n estatal de Veracruz&#8230; Es un hecho que el gobierno de MORENA se equivoc\u00f3 en LAS FORMAS para que el ayuntamiento de Igor Roj\u00ed, le entregar\u00e1 la comandancia municipal y el mando polic\u00edaco&#8230; La percepci\u00f3n p\u00fablica le se\u00f1ala que fue una acci\u00f3n pol\u00edtica contra Roji y Juan Manuel D\u00edez, m\u00e1s que una cuesti\u00f3n de seguridad&#8230;<\/p>\n<p>No se cuidaron las formas por parte del Gobierno del Estado&#8230; Y la ciudadan\u00eda no s\u00f3lo de Orizaba sino del Estado opina que es una INTROMISI\u00d3N del gobierno a uno de los mejores ayuntamientos calificados en Veracruz&#8230; S\u00f3lo porque su alcalde, Igor Roji, ser\u00e1 candidato a diputado federal por la alianza PRI,PAN y PRD&#8230; Y no acepto en su momento, la propuesta de MORENA , pese la cercan\u00eda que en su momento tuvo Patrocinio Cisneros con ellos&#8230; Pero al final, no todo lo que se ve es cierto&#8230;<\/p>\n<p>Adem\u00e1s darle ese \u00abcuartelazo\u00bb al ayuntamiento de Orizaba, es como una forma de descalificar, la candidatura del \u00abEmperador\u00bb, Juan Manuel D\u00edez Francos, por la alcald\u00eda de esa ciudad&#8230; D\u00edez Francos tiene todos los n\u00fameros a su favor&#8230; Y con estas acciones que parecen \u00abrepresivas\u00bb pol\u00edticamente&#8230; Todo va hace que el PRI suba y MORENA caiga&#8230; Manudo favor le hicieron a sus candidatos Morenos en la regi\u00f3n y el municipio&#8230;<\/p>\n<p>Puede que al paso de los d\u00edas podr\u00e1n salir que algunos polic\u00edas si tienen v\u00ednculos con grupos ilegales&#8230; Que los exhiban y que digan que este operativo de requisar armas y poner a disposici\u00f3n de las autoridades a los elementos de la polic\u00eda municipal, haya tenido raz\u00f3n de ser porque algunos de sus miembros est\u00e1n \u00abcontaminados\u00bb&#8230; Pero por lo pronto, la opini\u00f3n p\u00fablica est\u00e1 con Igor y D\u00edez Francos&#8230; REAL POLITIK&#8230; Equivocaron estrategia&#8230; Al rato los hacen m\u00e1rtir y de ah\u00ed no los quitan por otros 10 a\u00f1os del poder municipal y regional&#8230; AMEN&#8230;<\/p>\n<p>PAN, HOY SE DECIDE.. Mucho se ha dicho desde ayer en la tarde sobre la elecci\u00f3n de hoy en el PAN porte\u00f1o para elegir en contienda interna, al candidato de la alcald\u00eda de Veracruz&#8230; Entre Miguel \u00c1ngel Yunes M\u00e1rquez en contra de Bingen Rementeria Molina&#8230; Unos dicen que Miguel gana por 40 votos de diferencia y otros se\u00f1alan que Bingen ganar\u00e1 por una diferencia de 67 votos&#8230; Todos son especulaciones que se disipan en unas horas&#8230;. Lo que es eminente es la \u00abruptura\u00bb del panismo del puerto y sus repercusiones estatales para el 2024.. .<\/p>\n<p>Se dice en el ambiente, despu\u00e9s de la decisi\u00f3n del Tribunal Electoral de Veracruz (TEV) permitiendo votar hoy a los famosos 475 militantes nuevos de este partido, que fueron conocidos como \u00abLos Cachirules\u00bb del PAN&#8230; Que los n\u00fameros en este puerto, los ten\u00eda a favor Yunes Junior, que por eso, los Rementeria operaron para que pudieran votar los miembros nuevos&#8230; Pero a pesar de eso, la votaci\u00f3n est\u00e1 en el \u00abaire\u00bb y el \u00abfantasma\u00bb de la impugnaci\u00f3n del proceso sigue latente&#8230;<\/p>\n<p>Los que saben de este tema comentan que en el PAN, no hay mucho de donde buscarle, los n\u00fameros siempre son claros ah\u00ed&#8230; La militancia sabe qui\u00e9n est\u00e1 con qui\u00e9n&#8230; Y por no acordar, y por permitir, PRESUNTAMENTE, que MORENA est\u00e1 metida hasta con las manos en este proceso, para un lado y para otro&#8230; Y por la necedad de los Yunes nada ganar\u00e1n&#8230; La plaza ganada la ponen en riesgo&#8230; El caso es que la pelea y \u00abfractura\u00bb es m\u00e1s que eminente&#8230; Todo se ver\u00e1 hoy&#8230;<\/p>\n<p>YUNES, LA RESPUESTA.., Despu\u00e9s de que se dio a conocer el tema de que los 475 militantes impugnados del PAN podr\u00e1n votar este domingo en la convenci\u00f3n interna panista&#8230; Miguel \u00c1ngel Yunes M\u00e1rquez subi\u00f3 un v\u00eddeo a sus redes sociales, donde se\u00f1ala que esta decisi\u00f3n del TEV es una clara intromisi\u00f3n del gobierno estatal de MORENA a este proceso panista y que los Rementeria pactaron con el gobierno de Cuitl\u00e1huac Garc\u00eda para ganar esta convenci\u00f3n por el puerto&#8230; Pero que \u00e9l, no se deja y que su lucha sigue&#8230; Todo iba bien por la tarde..<\/p>\n<p>Pero apenas entraba la noche&#8230; Los grupos de WhatsApp empezaron a fustigar esta reacci\u00f3n de Yunes M\u00e1rquez, despu\u00e9s de como se refiri\u00f3 a los Rementer\u00eda&#8230; Le aplicaron la de Reynaldo Escobar a Ricardo Ahued cuando se pronunciaron por \u00e9l para la alcald\u00eda de Xalapa&#8230; Esa la de \u00abMEMORIA Y ARCHIVO\u00bb y le se\u00f1alaron a Miguel \u00c1ngel que \u00e9l en tiempos de Fidel Herrera tuvo tratos y acuerdos con el PRI y con el gobernador, al aprobarle la famosa bursatilizaci\u00f3n cuando era diputado local&#8230; La que siendo alcalde no acept\u00f3&#8230;<\/p>\n<p>Desde luego los se\u00f1alamientos en contra de Yunes no cesaron&#8230; Ya que mencionaron como era posible que llamara a Julen traidor del PAN al pactar con Fidel Herrera antes del 2010 y luego con Duarte en 2013&#8230; Y luego PapaYunes lo hace el titular de la SIOP como gobernador en 2016&#8230; \u00bfPERD\u00d3N Y OLVIDO?&#8230; Se le fueron encima diciendo que si Julen estaba con MORENA, que ellos, los Yunes, en el 2016 pactaron con Osorio Chong y el PRI para ganar la gubernatura y meter a Javier Duarte a la c\u00e1rcel&#8230; Un hecho que Duarte siempre ha se\u00f1alado&#8230;<\/p>\n<p>Pero que lo peor es cuando se queja de que las autoridades electorales les permiten participar a los famosos 475 \u00abcachirules\u00bb, pero se\u00f1ala que m\u00e1s del 50 por ciento de esos nuevos militantes, ya est\u00e1n convencidos y est\u00e1n con \u00e9l&#8230; \u00bfEntonces?&#8230; Muchos recordaron que este v\u00eddeo es un discurso parecido, al que dio en el jard\u00edn de su casa en 2019, cuando la elecci\u00f3n a dirigente estatal del PAN, apoyando a Pepe Mancha&#8230; A la postre este personaje despu\u00e9s de este discurso, pierde contra el \u00abChapito\u00bb Guzm\u00e1n Avil\u00e9s&#8230; En esta vida, nada es lo que parece y la pol\u00edtica menos, ah\u00ed todo el mundo es bueno&#8230; REAL POLITIK&#8230;<\/p>\n<p>PD&#8230; El temor real del verdadero militante del PAN&#8230; Es que esta contienda entre Bingen y Miguel \u00c1ngel \u00abfractura\u00bb sin ning\u00fan tipo de contenci\u00f3n al partido pol\u00edtico, en este caso al PAN, y con la salida de cualquiera de los 2, fortalecer\u00eda directamente a MORENA de Ricardo Exsome&#8230; \u00abAguas frescas\u00bb, no sea que por esas disputas se tenga a los Morenos en el poder&#8230;. Y m\u00e1s si hay un \u00abquiebre\u00bb&#8230; Cualquiera puede irse a otro partido&#8230; Eso suena a POL\u00cdTICA FICCI\u00d3N&#8230; \u00bfPero si no?&#8230;. DIOS SALVE AL PAN&#8230;<\/p>\n","protected":false},"excerpt":{"rendered":"<p>Ricardo Ch\u00faa Sale y Vale ORIZABA&#8230; Pase lo que pase con el tema de los polic\u00edas municipales de Orizaba y la llegada de los elementos de la Secretar\u00eda de Seguridad P\u00fablica del Estado a cuidar la ciudad&#8230; Despu\u00e9s de que el mando lo tom\u00f3 la administraci\u00f3n estatal de Veracruz&#8230; Es un hecho que el gobierno [&hellip;]<\/p>\n","protected":false},"author":2,"featured_media":0,"comment_status":"open","ping_status":"open","sticky":false,"template":"","format":"standard","meta":{"_jetpack_newsletter_access":"","_jetpack_dont_email_post_to_subs":false,"_jetpack_newsletter_tier_id":0,"_jetpack_memberships_contains_paywalled_content":false,"_jetpack_memberships_contains_paid_content":false,"footnotes":""},"categories":[70],"tags":[12299,8078,1640,1026,1639,948,13604],"class_list":["post-68188","post","type-post","status-publish","format-standard","hentry","category-de-opinion","tag-eric-cisneros-burgos","tag-igor-roji","tag-juan-manuel-diez-francos","tag-morena","tag-orizaba","tag-policia","tag-ricardo-chua"],"jetpack_featured_media_url":"","jetpack_sharing_enabled":true,"jetpack_shortlink":"https:\/\/wp.me\/p4Qcd3-hJO","_links":{"self":[{"href":"https:\/\/lospoliticosveracruz.com.mx\/index.php?rest_route=\/wp\/v2\/posts\/68188","targetHints":{"allow":["GET"]}}],"collection":[{"href":"https:\/\/lospoliticosveracruz.com.mx\/index.php?rest_route=\/wp\/v2\/posts"}],"about":[{"href":"https:\/\/lospoliticosveracruz.com.mx\/index.php?rest_route=\/wp\/v2\/types\/post"}],"author":[{"embeddable":true,"href":"https:\/\/lospoliticosveracruz.com.mx\/index.php?rest_route=\/wp\/v2\/users\/2"}],"replies":[{"embeddable":true,"href":"https:\/\/lospoliticosveracruz.com.mx\/index.php?rest_route=%2Fwp%2Fv2%2Fcomments&post=68188"}],"version-history":[{"count":1,"href":"https:\/\/lospoliticosveracruz.com.mx\/index.php?rest_route=\/wp\/v2\/posts\/68188\/revisions"}],"predecessor-version":[{"id":68190,"href":"https:\/\/lospoliticosveracruz.com.mx\/index.php?rest_route=\/wp\/v2\/posts\/68188\/revisions\/68190"}],"wp:attachment":[{"href":"https:\/\/lospoliticosveracruz.com.mx\/index.php?rest_route=%2Fwp%2Fv2%2Fmedia&parent=68188"}],"wp:term":[{"taxonomy":"category","embeddable":true,"href":"https:\/\/lospoliticosveracruz.com.mx\/index.php?rest_route=%2Fwp%2Fv2%2Fcategories&post=68188"},{"taxonomy":"post_tag","embeddable":true,"href":"https:\/\/lospoliticosveracruz.com.mx\/index.php?rest_route=%2Fwp%2Fv2%2Ftags&post=68188"}],"curies":[{"name":"wp","href":"https:\/\/api.w.org\/{rel}","templated":true}]}}