{"id":68257,"date":"2021-02-15T16:28:11","date_gmt":"2021-02-15T22:28:11","guid":{"rendered":"http:\/\/www.lospoliticosveracruz.com.mx\/?p=68257"},"modified":"2021-02-15T16:28:11","modified_gmt":"2021-02-15T22:28:11","slug":"insostenible-la-violencia-politica-en-veracruz-dunyaska","status":"publish","type":"post","link":"https:\/\/lospoliticosveracruz.com.mx\/?p=68257","title":{"rendered":"Insostenible la violencia pol\u00edtica en Veracruz: Dunyaska"},"content":{"rendered":"<p><strong>Veracruz<\/strong><\/p>\n<p>La Diputada Federal por el Distrito XII de Veracruz, Mariana Dunyaska Garc\u00eda Rojas, exigi\u00f3 al Gobernador Cuitl\u00e1huac Garc\u00eda Jim\u00e9nez y a la Fiscal\u00eda General del Estado que se esclarezca el asesinato de la Alcaldesa de Cosoleacaque Gladys Merl\u00edn Castro y de su hija,  ex candidata a la Diputaci\u00f3n Local, Carla Enr\u00edquez Merl\u00edn.<br \/>\n\u201cLa violencia pol\u00edtica que se vive en el Estado de Veracruz ha llegado a niveles insostenibles para nuestro estado, donde cada semana nos enteramos de atentados en contra de pol\u00edticos de todo lo ancho de Veracruz, mientras que las autoridades se encuentran rebasadas en todos los aspectos\u201d<br \/>\nLa Legisladora Veracruzana record\u00f3 que es el segundo atentado de este car\u00e1cter que sucede en la semana: \u201cEl 11 de Febrero asesinaron al aspirante por la Alcald\u00eda de \u00darsulo Galv\u00e1n por Morena, Gilberto Ortiz Parra; el 3 de Febrero atacaron a la Fiscal Marisela Rojas Cisneros, la Diputada Local Morena Florencia Mart\u00ednez y a un regidor del ayuntamiento de Acayucan en plena luz del d\u00eda en Oluta. Esto no es una cuesti\u00f3n partidista ni contra un grupo pol\u00edtico, estamos frente a un Gobierno completamente rebasado que ocupa el primer lugar en homicidios a nivel nacional y que no ha podido traer justicia a la ciudadan\u00eda veracruzana.\u201d<br \/>\n\u201c\u00bfCu\u00e1ndo habr\u00e1 justicia para Gloria Merl\u00edn Castro y Carla Enr\u00edquez Merl\u00edn? \u00bfPara Gilberto Ortiz Parra? \u00bfCu\u00e1ndo tendremos justicia por el asesinato de Florisel R\u00edos Delf\u00edn, Alcaldesa de Jamapa? \u00bfHabr\u00e1 justicia para Maricela Vallejo Orea, alcaldesa de Mixtla de Altamirano? \u00bfDar\u00e1n justicia por el asesinato del diputado Local Juan Carlos Molina? Todav\u00eda no empiezan los comicios de 2021, y Veracruz ya es un foco rojo en cuanto a violencia pol\u00edtica, siendo junto con Chiapas, Guerrero y Oaxaca de los estados donde se han cometido una mayor cantidad de atentados mortales contra pol\u00edticos veracruzanos.\u201d<br \/>\n\u201cVeracruz vive un desgobierno con Cuitl\u00e1huac Garc\u00eda Jim\u00e9nez, quien tiene sumido al estado en una ola de violencia, sin la capacidad de contener la pandemia y frente a una crisis econ\u00f3mica que ha impactado a toda la ciudadan\u00eda del Estado. Exigimos justicia y exigimos resultados, no nos podemos dar el lujo de quedarnos callados mientras nuestro estado se hunde y perdemos cada d\u00edas vidas valiosas, ya sea a manos de una pandemia que no han sabido contener o de un Gobierno incapaz de proveer seguridad a sus ciudadanos.\u201d<\/p>\n","protected":false},"excerpt":{"rendered":"<p>Veracruz La Diputada Federal por el Distrito XII de Veracruz, Mariana Dunyaska Garc\u00eda Rojas, exigi\u00f3 al Gobernador Cuitl\u00e1huac Garc\u00eda Jim\u00e9nez y a la Fiscal\u00eda General del Estado que se esclarezca el asesinato de la Alcaldesa de Cosoleacaque Gladys Merl\u00edn Castro y de su hija, ex candidata a la Diputaci\u00f3n Local, Carla Enr\u00edquez Merl\u00edn. \u201cLa violencia [&hellip;]<\/p>\n","protected":false},"author":2,"featured_media":65421,"comment_status":"open","ping_status":"open","sticky":false,"template":"","format":"standard","meta":{"_jetpack_newsletter_access":"","_jetpack_dont_email_post_to_subs":false,"_jetpack_newsletter_tier_id":0,"_jetpack_memberships_contains_paywalled_content":false,"_jetpack_memberships_contains_paid_content":false,"footnotes":""},"categories":[73],"tags":[10822,4116,4660,5541,195],"class_list":["post-68257","post","type-post","status-publish","format-standard","has-post-thumbnail","hentry","category-de-boleto","tag-carla-enriquez-merlin","tag-fiscalia-general-del-estado","tag-gladys-merlin-castro","tag-mariana-dunyaska-garcia-rojas","tag-veracruz"],"jetpack_featured_media_url":"https:\/\/lospoliticosveracruz.com.mx\/wp-content\/uploads\/2020\/12\/Dunyaska.jpeg","jetpack_sharing_enabled":true,"jetpack_shortlink":"https:\/\/wp.me\/p4Qcd3-hKV","_links":{"self":[{"href":"https:\/\/lospoliticosveracruz.com.mx\/index.php?rest_route=\/wp\/v2\/posts\/68257","targetHints":{"allow":["GET"]}}],"collection":[{"href":"https:\/\/lospoliticosveracruz.com.mx\/index.php?rest_route=\/wp\/v2\/posts"}],"about":[{"href":"https:\/\/lospoliticosveracruz.com.mx\/index.php?rest_route=\/wp\/v2\/types\/post"}],"author":[{"embeddable":true,"href":"https:\/\/lospoliticosveracruz.com.mx\/index.php?rest_route=\/wp\/v2\/users\/2"}],"replies":[{"embeddable":true,"href":"https:\/\/lospoliticosveracruz.com.mx\/index.php?rest_route=%2Fwp%2Fv2%2Fcomments&post=68257"}],"version-history":[{"count":1,"href":"https:\/\/lospoliticosveracruz.com.mx\/index.php?rest_route=\/wp\/v2\/posts\/68257\/revisions"}],"predecessor-version":[{"id":68258,"href":"https:\/\/lospoliticosveracruz.com.mx\/index.php?rest_route=\/wp\/v2\/posts\/68257\/revisions\/68258"}],"wp:featuredmedia":[{"embeddable":true,"href":"https:\/\/lospoliticosveracruz.com.mx\/index.php?rest_route=\/wp\/v2\/media\/65421"}],"wp:attachment":[{"href":"https:\/\/lospoliticosveracruz.com.mx\/index.php?rest_route=%2Fwp%2Fv2%2Fmedia&parent=68257"}],"wp:term":[{"taxonomy":"category","embeddable":true,"href":"https:\/\/lospoliticosveracruz.com.mx\/index.php?rest_route=%2Fwp%2Fv2%2Fcategories&post=68257"},{"taxonomy":"post_tag","embeddable":true,"href":"https:\/\/lospoliticosveracruz.com.mx\/index.php?rest_route=%2Fwp%2Fv2%2Ftags&post=68257"}],"curies":[{"name":"wp","href":"https:\/\/api.w.org\/{rel}","templated":true}]}}