{"id":68343,"date":"2021-02-17T12:56:53","date_gmt":"2021-02-17T18:56:53","guid":{"rendered":"http:\/\/www.lospoliticosveracruz.com.mx\/?p=68343"},"modified":"2021-02-17T12:56:53","modified_gmt":"2021-02-17T18:56:53","slug":"impunidad-la-culpa-es-de-los-marcianos","status":"publish","type":"post","link":"https:\/\/lospoliticosveracruz.com.mx\/?p=68343","title":{"rendered":"\u00bfImpunidad? La culpa es de los marcianos"},"content":{"rendered":"<p><strong>Jorge Arturo Rodr\u00edguez<\/strong><\/p>\n<p><em>Tierra de Babel<\/em><\/p>\n<p>\u201c\u2026porque el que promete ya est\u00e1 mintiendo\u201d (Sandor M\u00e1rai).<\/p>\n<p>\u201cEstamos perdidos\u201d, me comenta mi amigo Cris\u00f3foro, el taxista, mientras vamos a vuelta de rueda sobre la avenida de una ciudad cuyo centro hist\u00f3rico est\u00e1 cerrado por la pandemia y la gente igual anda de compras o paseando un d\u00eda antes del 14 de febrero pasado, D\u00eda del Amor y la Amistad, dicen, porque en realidad es un d\u00eda como cualquier otro, atorados en desquicios y jaleo, aunque al mundo se lo est\u00e9 llevando la chingada y muchos cient\u00edficos opinan que es por el cambio clim\u00e1tico (Bill Gates: \u201cEl cambio clim\u00e1tico tendr\u00e1 efectos mucho peores que la pandemia\u201d) y la ambici\u00f3n desmedida de nuestra parte de poseer m\u00e1s y m\u00e1s, sin importarnos la naturaleza, el ecosistema (a la mierda con todo eso), que ahora nos pasa la factura, y otros tanto creen que es por castigo de Dios. Pos all\u00e1 cada quien. Y luego, el 15 de febrero pasado, m\u00e1s y m\u00e1s asesinatos aqu\u00ed en Veracruz, para d\u00edas despu\u00e9s casi morirnos del fr\u00edo violento y de apagones y etc. Nadie de los terr\u00edcolas tiene la culpa; la culpa es de los marcianos.<br \/>\n\tS\u00ed, me desquicia la falta de conciencia de muchos de nosotros ante las atrocidades de todo tipo. Ya perd\u00ed la cuenta de cu\u00e1ntas veces he escuchado las expresiones: \u201cNo habr\u00e1 impunidad\u201d o \u201cNo quedar\u00e1 impune\u201d, \u201cIremos hasta las \u00faltimas consecuencias\u201d, \u201cSe har\u00e1 justicia, caiga quien caiga\u201d y lo \u00fanico que cae es la manzana podrida del Para\u00edso o la de Newton. \u00bfPasa el tiempo o el tiempo nos traspasa? Quien sabe, pero lo cierto es que nos estamos pudriendo y ni nos damos cuenta, vemos por la ventana un universo que no nos pertenece, aunque quisi\u00e9ramos trag\u00e1rnoslo y luego defecarlo. \u00bfAs\u00ed somos?<br \/>\n\tEl talentoso Cris\u00f3foro, taxista y fil\u00f3sofo, me recuerda que S\u00f3focles expres\u00f3 que un Estado donde queden impunes la insolencia y la libertad de hacerlo todo, termina por hundirse en el abismo. No, pos s\u00ed. Me quedo callado y tarare\u00f3 la canci\u00f3n \u201cCuenta perdida\u201d, escrita por mi entra\u00f1able Salvador Novo y cantada por Lola Beltr\u00e1n:<br \/>\n\u201cNos volvimos a encontrar, despu\u00e9s de tanto<br \/>\nQue al mirarte, me dio un vuelco el coraz\u00f3n<br \/>\nSi tu imagen se ha borrado con mi llanto<br \/>\nComo el llanto no apagara mi pasi\u00f3n.<\/p>\n<p>Que volvamos a empezar, que te perdone<br \/>\nQue no miras, que soy otra y otro t\u00fa<br \/>\nSi te acepto, es porque quiero que me abone<br \/>\nLa desgraciada vida, la que me abri\u00f3 esta herida<br \/>\nLa cuenta ya olvidada, la cuenta ya perdida<br \/>\nQue no alcanz\u00f3 a pagarse con nuestra juventud.<\/p>\n<p>Nuestra historia termin\u00f3, nada me debes<br \/>\nFue el encuentro de dos seres, nada m\u00e1s<br \/>\nY los soles que alumbraron mi ventura<br \/>\nCon el tiempo, los he visto naufragar.<\/p>\n<p>Que volvamos a empezar, que te perdone<br \/>\nQue no miras, que soy otra y otro t\u00fa<br \/>\nSi te acepto, es porque quiero que me abone<br \/>\nLa desgraciada vida, la que me abri\u00f3 esta herida<br \/>\nLa cuenta ya olvidada, la cuenta ya perdida<br \/>\nQue no alcanz\u00f3 a pagarse con nuestra juventud<\/p>\n<p>Nos volvimos a encontrar, despu\u00e9s de tanto\u201d.<\/p>\n<p>Cris\u00f3foro se r\u00ede y me dice al bajarme cerca del centro hist\u00f3rico: \u201cNo olvide que con el amor no se juega, menos con la amistad\u201d. Y yo le recit\u00e9 estas palabras de Goethe: \u201cEl amor es una cosa ideal; el matrimonio, una cosa real; la confusi\u00f3n de lo real con lo ideal jam\u00e1s queda impune\u201d. Nos carcajeamos.<\/p>\n<p>Los d\u00edas y los temas<br \/>\nLe\u00ed: \u201c\u2026el fil\u00f3sofo esloveno Slavoj Zizek se pregunta en qu\u00e9 ha convertido nuestra vida el virus en m\u00e1s de un a\u00f1o. Para el pensador, la nueva normalidad, que se instaur\u00f3 como respuesta a la pandemia, priva nuestra existencia del sentido, convirti\u00e9ndola en \u201cuna vida extra\u00f1a que se prolonga y que no nos permite ni vivir en paz ni morir r\u00e1pidamente\u201d.<br \/>\n\t\u201cAntes de morir, no solo estamos (obviamente) vivos, tenemos que vivir. Para nosotros los humanos, la vida es una decisi\u00f3n, una obligaci\u00f3n activa\u201d Esta postura [\u2026] es adecuada a adoptarse hoy, cuando la pandemia nos recuerda a todos nuestra caducidad y mortalidad, de c\u00f3mo nuestra vida depende de una oscura interacci\u00f3n de (lo que nos parecen) contingencias. [\u2026] El verdadero problema no es que podamos morir, sino que la vida se prolonga en la incertidumbre, provocando una depresi\u00f3n permanente, la p\u00e9rdida de la voluntad de continuar\u201d. \u00a1Madres!<br \/>\n\tY luego dice: \u201cParad\u00f3jicamente, la propuesta de la vacunaci\u00f3n masiva, prorrogada o cuestionada por cada nueva cepa del virus, resulta en que \u201cvivimos en un colapso pospuesto sin fin\u201d. Y parece que disfrutamos de ello.<br \/>\n\u201cEn la primavera del 2020, las autoridades a menudo dec\u00edan: \u201cEn dos semanas, deber\u00eda mejorar\u201d; luego, en oto\u00f1o del 2020, fueron dos meses; ahora, es casi medio a\u00f1o [\u2026]. Ya se escuchan voces que sit\u00faan el fin de la pandemia en el 2022, incluso en el 2024\u2026 Todos los d\u00edas traen noticias: las vacunas funcionan contra nuevas variantes, o tal vez no; la rusa Sputnik es mala, pero luego parece que funciona bastante bien; hay grandes retrasos en el suministro de vacunas, pero la mayor\u00eda de nosotros todav\u00eda nos vacunaremos en verano\u2026 estas oscilaciones interminables obviamente tambi\u00e9n generan un placer propio, lo que nos facilita sobrevivir a la miseria de nuestras vidas\u201d. (sinembargo.mx, 15\/02\/21).<br \/>\nQuien entendi\u00f3, entendi\u00f3.<\/p>\n<p>De cinismo y anexas<br \/>\nDice Aurora, una amiguita en tiempos de pandemia: \u201c\u00bfQui\u00e9n dijo que el mundo se acababa en el 2020? Son todos tan mentirosos. Encontr\u00e9 una lata de at\u00fan que caduca en el 2025\u201d.<br \/>\nAh\u00ed se ven.<\/p>\n","protected":false},"excerpt":{"rendered":"<p>Jorge Arturo Rodr\u00edguez Tierra de Babel \u201c\u2026porque el que promete ya est\u00e1 mintiendo\u201d (Sandor M\u00e1rai). \u201cEstamos perdidos\u201d, me comenta mi amigo Cris\u00f3foro, el taxista, mientras vamos a vuelta de rueda sobre la avenida de una ciudad cuyo centro hist\u00f3rico est\u00e1 cerrado por la pandemia y la gente igual anda de compras o paseando un d\u00eda [&hellip;]<\/p>\n","protected":false},"author":2,"featured_media":0,"comment_status":"open","ping_status":"open","sticky":false,"template":"","format":"standard","meta":{"_jetpack_newsletter_access":"","_jetpack_dont_email_post_to_subs":false,"_jetpack_newsletter_tier_id":0,"_jetpack_memberships_contains_paywalled_content":false,"_jetpack_memberships_contains_paid_content":false,"footnotes":""},"categories":[70],"tags":[3084,1721,16929],"class_list":["post-68343","post","type-post","status-publish","format-standard","hentry","category-de-opinion","tag-cambio-climatico","tag-dia-del-amor-y-la-amistad","tag-pandemia"],"jetpack_featured_media_url":"","jetpack_sharing_enabled":true,"jetpack_shortlink":"https:\/\/wp.me\/p4Qcd3-hMj","_links":{"self":[{"href":"https:\/\/lospoliticosveracruz.com.mx\/index.php?rest_route=\/wp\/v2\/posts\/68343","targetHints":{"allow":["GET"]}}],"collection":[{"href":"https:\/\/lospoliticosveracruz.com.mx\/index.php?rest_route=\/wp\/v2\/posts"}],"about":[{"href":"https:\/\/lospoliticosveracruz.com.mx\/index.php?rest_route=\/wp\/v2\/types\/post"}],"author":[{"embeddable":true,"href":"https:\/\/lospoliticosveracruz.com.mx\/index.php?rest_route=\/wp\/v2\/users\/2"}],"replies":[{"embeddable":true,"href":"https:\/\/lospoliticosveracruz.com.mx\/index.php?rest_route=%2Fwp%2Fv2%2Fcomments&post=68343"}],"version-history":[{"count":1,"href":"https:\/\/lospoliticosveracruz.com.mx\/index.php?rest_route=\/wp\/v2\/posts\/68343\/revisions"}],"predecessor-version":[{"id":68345,"href":"https:\/\/lospoliticosveracruz.com.mx\/index.php?rest_route=\/wp\/v2\/posts\/68343\/revisions\/68345"}],"wp:attachment":[{"href":"https:\/\/lospoliticosveracruz.com.mx\/index.php?rest_route=%2Fwp%2Fv2%2Fmedia&parent=68343"}],"wp:term":[{"taxonomy":"category","embeddable":true,"href":"https:\/\/lospoliticosveracruz.com.mx\/index.php?rest_route=%2Fwp%2Fv2%2Fcategories&post=68343"},{"taxonomy":"post_tag","embeddable":true,"href":"https:\/\/lospoliticosveracruz.com.mx\/index.php?rest_route=%2Fwp%2Fv2%2Ftags&post=68343"}],"curies":[{"name":"wp","href":"https:\/\/api.w.org\/{rel}","templated":true}]}}