{"id":68459,"date":"2021-02-20T17:15:36","date_gmt":"2021-02-20T23:15:36","guid":{"rendered":"http:\/\/www.lospoliticosveracruz.com.mx\/?p=68459"},"modified":"2021-02-20T17:15:36","modified_gmt":"2021-02-20T23:15:36","slug":"el-rebano-sagrado-busca-a-su-fotografo-xalapeno","status":"publish","type":"post","link":"https:\/\/lospoliticosveracruz.com.mx\/?p=68459","title":{"rendered":"El reba\u00f1o sagrado busca a su  fot\u00f3grafo xalape\u00f1o!"},"content":{"rendered":"<p><strong>Xalapa<\/strong><\/p>\n<p>A trav\u00e9s de su red social y en el marco del D\u00eda del Fot\u00f3grafo, el equipo de f\u00fatbol profesional Chivas lanz\u00f3 un llamado a la poblaci\u00f3n de estado para que localice al fot\u00f3grafo que se hizo viral en Xalapa.<br \/>\nLo anterior que por la crisis econ\u00f3mica derivada por el coronavirusofertaba su trabajo en siete pesos con la camisa tradicional del equipo de f\u00fatbol Chivas del Guadalajara.<br \/>\nAhora el equipo lanza una alerta para recompensar su esfuerzo.<\/p>\n","protected":false},"excerpt":{"rendered":"<p>Xalapa A trav\u00e9s de su red social y en el marco del D\u00eda del Fot\u00f3grafo, el equipo de f\u00fatbol profesional Chivas lanz\u00f3 un llamado a la poblaci\u00f3n de estado para que localice al fot\u00f3grafo que se hizo viral en Xalapa. Lo anterior que por la crisis econ\u00f3mica derivada por el coronavirusofertaba su trabajo en siete [&hellip;]<\/p>\n","protected":false},"author":2,"featured_media":0,"comment_status":"open","ping_status":"open","sticky":false,"template":"","format":"standard","meta":{"_jetpack_newsletter_access":"","_jetpack_dont_email_post_to_subs":false,"_jetpack_newsletter_tier_id":0,"_jetpack_memberships_contains_paywalled_content":false,"_jetpack_memberships_contains_paid_content":false,"footnotes":""},"categories":[6446],"tags":[26297,26296,26295,96],"class_list":["post-68459","post","type-post","status-publish","format-standard","hentry","category-la-nota","tag-dia-del-fotografo","tag-fotografo-profesional","tag-rebano-sagrado","tag-xalapa"],"jetpack_featured_media_url":"","jetpack_sharing_enabled":true,"jetpack_shortlink":"https:\/\/wp.me\/p4Qcd3-hOb","_links":{"self":[{"href":"https:\/\/lospoliticosveracruz.com.mx\/index.php?rest_route=\/wp\/v2\/posts\/68459","targetHints":{"allow":["GET"]}}],"collection":[{"href":"https:\/\/lospoliticosveracruz.com.mx\/index.php?rest_route=\/wp\/v2\/posts"}],"about":[{"href":"https:\/\/lospoliticosveracruz.com.mx\/index.php?rest_route=\/wp\/v2\/types\/post"}],"author":[{"embeddable":true,"href":"https:\/\/lospoliticosveracruz.com.mx\/index.php?rest_route=\/wp\/v2\/users\/2"}],"replies":[{"embeddable":true,"href":"https:\/\/lospoliticosveracruz.com.mx\/index.php?rest_route=%2Fwp%2Fv2%2Fcomments&post=68459"}],"version-history":[{"count":1,"href":"https:\/\/lospoliticosveracruz.com.mx\/index.php?rest_route=\/wp\/v2\/posts\/68459\/revisions"}],"predecessor-version":[{"id":68461,"href":"https:\/\/lospoliticosveracruz.com.mx\/index.php?rest_route=\/wp\/v2\/posts\/68459\/revisions\/68461"}],"wp:attachment":[{"href":"https:\/\/lospoliticosveracruz.com.mx\/index.php?rest_route=%2Fwp%2Fv2%2Fmedia&parent=68459"}],"wp:term":[{"taxonomy":"category","embeddable":true,"href":"https:\/\/lospoliticosveracruz.com.mx\/index.php?rest_route=%2Fwp%2Fv2%2Fcategories&post=68459"},{"taxonomy":"post_tag","embeddable":true,"href":"https:\/\/lospoliticosveracruz.com.mx\/index.php?rest_route=%2Fwp%2Fv2%2Ftags&post=68459"}],"curies":[{"name":"wp","href":"https:\/\/api.w.org\/{rel}","templated":true}]}}