{"id":68465,"date":"2021-02-20T22:04:01","date_gmt":"2021-02-21T04:04:01","guid":{"rendered":"http:\/\/www.lospoliticosveracruz.com.mx\/?p=68465"},"modified":"2021-02-20T22:04:01","modified_gmt":"2021-02-21T04:04:01","slug":"cuau-encontro-al-chiva","status":"publish","type":"post","link":"https:\/\/lospoliticosveracruz.com.mx\/?p=68465","title":{"rendered":"Cuau encontr\u00f3 al Chiva!"},"content":{"rendered":"<p>As\u00ed lo platica Cuauht\u00e9moc Vel\u00e1zquez:<\/p>\n<p>Esta noche pude localizar a Ernesto \u201cEl fot\u00f3grafo\u201d en su casa , a petici\u00f3n de un amigo que trabaja con el equipo de las Chivas de Guadalajara, me encontr\u00e9 con la sorpresa de que hab\u00eda sufrido un accidente que lo tiene con muletas y por esa raz\u00f3n no hab\u00eda podido trabajar, lo contact\u00e9 con Chivas y vienen cosas buenas para \u00e9l.<\/p>\n","protected":false},"excerpt":{"rendered":"<p>As\u00ed lo platica Cuauht\u00e9moc Vel\u00e1zquez: Esta noche pude localizar a Ernesto \u201cEl fot\u00f3grafo\u201d en su casa , a petici\u00f3n de un amigo que trabaja con el equipo de las Chivas de Guadalajara, me encontr\u00e9 con la sorpresa de que hab\u00eda sufrido un accidente que lo tiene con muletas y por esa raz\u00f3n no hab\u00eda podido [&hellip;]<\/p>\n","protected":false},"author":2,"featured_media":0,"comment_status":"open","ping_status":"open","sticky":false,"template":"","format":"standard","meta":{"_jetpack_newsletter_access":"","_jetpack_dont_email_post_to_subs":false,"_jetpack_newsletter_tier_id":0,"_jetpack_memberships_contains_paywalled_content":false,"_jetpack_memberships_contains_paid_content":false,"footnotes":""},"categories":[6446],"tags":[2797,16188,13096,24686,12994,96],"class_list":["post-68465","post","type-post","status-publish","format-standard","hentry","category-la-nota","tag-chivas","tag-cuauhtemoc-velazquez","tag-ernesto","tag-fotografo","tag-guadalajara","tag-xalapa"],"jetpack_featured_media_url":"","jetpack_sharing_enabled":true,"jetpack_shortlink":"https:\/\/wp.me\/p4Qcd3-hOh","_links":{"self":[{"href":"https:\/\/lospoliticosveracruz.com.mx\/index.php?rest_route=\/wp\/v2\/posts\/68465","targetHints":{"allow":["GET"]}}],"collection":[{"href":"https:\/\/lospoliticosveracruz.com.mx\/index.php?rest_route=\/wp\/v2\/posts"}],"about":[{"href":"https:\/\/lospoliticosveracruz.com.mx\/index.php?rest_route=\/wp\/v2\/types\/post"}],"author":[{"embeddable":true,"href":"https:\/\/lospoliticosveracruz.com.mx\/index.php?rest_route=\/wp\/v2\/users\/2"}],"replies":[{"embeddable":true,"href":"https:\/\/lospoliticosveracruz.com.mx\/index.php?rest_route=%2Fwp%2Fv2%2Fcomments&post=68465"}],"version-history":[{"count":1,"href":"https:\/\/lospoliticosveracruz.com.mx\/index.php?rest_route=\/wp\/v2\/posts\/68465\/revisions"}],"predecessor-version":[{"id":68467,"href":"https:\/\/lospoliticosveracruz.com.mx\/index.php?rest_route=\/wp\/v2\/posts\/68465\/revisions\/68467"}],"wp:attachment":[{"href":"https:\/\/lospoliticosveracruz.com.mx\/index.php?rest_route=%2Fwp%2Fv2%2Fmedia&parent=68465"}],"wp:term":[{"taxonomy":"category","embeddable":true,"href":"https:\/\/lospoliticosveracruz.com.mx\/index.php?rest_route=%2Fwp%2Fv2%2Fcategories&post=68465"},{"taxonomy":"post_tag","embeddable":true,"href":"https:\/\/lospoliticosveracruz.com.mx\/index.php?rest_route=%2Fwp%2Fv2%2Ftags&post=68465"}],"curies":[{"name":"wp","href":"https:\/\/api.w.org\/{rel}","templated":true}]}}