{"id":68531,"date":"2021-02-22T11:12:55","date_gmt":"2021-02-22T17:12:55","guid":{"rendered":"http:\/\/www.lospoliticosveracruz.com.mx\/?p=68531"},"modified":"2021-02-22T11:13:27","modified_gmt":"2021-02-22T17:13:27","slug":"pierde-chiquiyunes-ante-exsome-parametria","status":"publish","type":"post","link":"https:\/\/lospoliticosveracruz.com.mx\/?p=68531","title":{"rendered":"Pierde Chiquiyunes ante Exsome: Parametr\u00eda"},"content":{"rendered":"<p><strong>Veracruz<\/strong><br \/>\nDe acuerdo con la \u00faltima encuesta realizada por la empresa Parametr\u00eda para medir las preferencias electorales y posicionamiento de aspirantes a presidente municipal de Veracruz, el aspirante por el PAN, Miguel \u00c1ngel Yunes M\u00e1rquez, perder\u00eda la contienda en contra de Ricardo Exsome, de Morena.<br \/>\nAnte la pregunta: \u00abSi hoy fuera la elecci\u00f3n para presidente municipal de Veracruz y los \u00fanicos candidatos fueran Miguel \u00c1ngel Yunes M\u00e1rquez de la alianza PAN-PRI-PRD, Sergio Gil de Movimiento Ciudadano y Ricardo Exsome de Morena, \u00bfpor cu\u00e1l partido o candidato votar\u00eda usted?\u00bb, los resultados fueron los siguientes:<br \/>\nMiguel \u00c1ngel Yunes M\u00e1rquez, 36%; Sergio Gil, 6%; Ricardo Exsome, 39%; Ninguno 9%; No sabe, 6%; No contesta, 4%.<br \/>\nDe acuerdo con la nota metodol\u00f3gica, el tipo de estudio se hizo del 25 al 29 de enero, mediante una encuesta en vivienda, a un universo de 700 personas de 18 a\u00f1os en adelante, con credencial de elector vigente, residentes del municipio de Veracruz.<\/p>\n","protected":false},"excerpt":{"rendered":"<p>Veracruz De acuerdo con la \u00faltima encuesta realizada por la empresa Parametr\u00eda para medir las preferencias electorales y posicionamiento de aspirantes a presidente municipal de Veracruz, el aspirante por el PAN, Miguel \u00c1ngel Yunes M\u00e1rquez, perder\u00eda la contienda en contra de Ricardo Exsome, de Morena. Ante la pregunta: \u00abSi hoy fuera la elecci\u00f3n para presidente [&hellip;]<\/p>\n","protected":false},"author":2,"featured_media":0,"comment_status":"open","ping_status":"open","sticky":false,"template":"","format":"standard","meta":{"_jetpack_newsletter_access":"","_jetpack_dont_email_post_to_subs":false,"_jetpack_newsletter_tier_id":0,"_jetpack_memberships_contains_paywalled_content":false,"_jetpack_memberships_contains_paid_content":false,"footnotes":""},"categories":[6446],"tags":[536,1026,2327,266,1483,14721,11382],"class_list":["post-68531","post","type-post","status-publish","format-standard","hentry","category-la-nota","tag-miguel-angel-yunes-marquez","tag-morena","tag-movimiento-ciudadano","tag-pan","tag-parametria","tag-ricardo-exsome","tag-sergio-gil"],"jetpack_featured_media_url":"","jetpack_sharing_enabled":true,"jetpack_shortlink":"https:\/\/wp.me\/p4Qcd3-hPl","_links":{"self":[{"href":"https:\/\/lospoliticosveracruz.com.mx\/index.php?rest_route=\/wp\/v2\/posts\/68531","targetHints":{"allow":["GET"]}}],"collection":[{"href":"https:\/\/lospoliticosveracruz.com.mx\/index.php?rest_route=\/wp\/v2\/posts"}],"about":[{"href":"https:\/\/lospoliticosveracruz.com.mx\/index.php?rest_route=\/wp\/v2\/types\/post"}],"author":[{"embeddable":true,"href":"https:\/\/lospoliticosveracruz.com.mx\/index.php?rest_route=\/wp\/v2\/users\/2"}],"replies":[{"embeddable":true,"href":"https:\/\/lospoliticosveracruz.com.mx\/index.php?rest_route=%2Fwp%2Fv2%2Fcomments&post=68531"}],"version-history":[{"count":1,"href":"https:\/\/lospoliticosveracruz.com.mx\/index.php?rest_route=\/wp\/v2\/posts\/68531\/revisions"}],"predecessor-version":[{"id":68533,"href":"https:\/\/lospoliticosveracruz.com.mx\/index.php?rest_route=\/wp\/v2\/posts\/68531\/revisions\/68533"}],"wp:attachment":[{"href":"https:\/\/lospoliticosveracruz.com.mx\/index.php?rest_route=%2Fwp%2Fv2%2Fmedia&parent=68531"}],"wp:term":[{"taxonomy":"category","embeddable":true,"href":"https:\/\/lospoliticosveracruz.com.mx\/index.php?rest_route=%2Fwp%2Fv2%2Fcategories&post=68531"},{"taxonomy":"post_tag","embeddable":true,"href":"https:\/\/lospoliticosveracruz.com.mx\/index.php?rest_route=%2Fwp%2Fv2%2Ftags&post=68531"}],"curies":[{"name":"wp","href":"https:\/\/api.w.org\/{rel}","templated":true}]}}