{"id":68534,"date":"2021-02-22T11:36:00","date_gmt":"2021-02-22T17:36:00","guid":{"rendered":"http:\/\/www.lospoliticosveracruz.com.mx\/?p=68534"},"modified":"2021-02-22T11:36:00","modified_gmt":"2021-02-22T17:36:00","slug":"invita-mc-a-lovillo","status":"publish","type":"post","link":"https:\/\/lospoliticosveracruz.com.mx\/?p=68534","title":{"rendered":"Invita MC a Lovillo!"},"content":{"rendered":"<p style=\"text-align: right;\"><strong>Xalapa Enr\u00edquez, Ver. A 22 de febrero 2021<\/strong><\/p>\n<p style=\"text-align: left;\">\n<p style=\"text-align: left;\"><strong>Estimado Doctor Ra\u00fal Arias Lovillo.<\/strong><\/p>\n<p style=\"text-align: right;\">\n<p>En Movimiento Ciudadano siempre hemos cre\u00eddo en las candidaturas independientes, nosotros las propusimos desde el a\u00f1o 2007. El 13 de septiembre de 2013 votamos a favor de su creaci\u00f3n en el Congreso de la Uni\u00f3n. Son una herramienta fundamental de la democracia participativa, lamentablemente los partidos tradicionales las llenaron de obst\u00e1culos y las sobre reglamentaron, lo que las vuelve dif\u00edciles de alcanzar y en el caso de alcanzarlas las pone en una terrible inequidad en la contienda. Anticip\u00e1ndonos a ello, en Movimiento Ciudadano reformamos nuestros estatutos desde el a\u00f1o 2011, para abrir hasta el 100% de nuestras candidaturas y as\u00ed ponerlas al servicio de la sociedad y de ciudadanos sin militancia ni afiliaci\u00f3n partidista, pero si con una trayectoria personal reconocida y una historia de vida a favor de los dem\u00e1s.<\/p>\n<p>Hoy Xalapa est\u00e1 en el abandono, el gobierno actual no ha sido capaz de responder a las necesidades de esta ciudad. Pero la soluci\u00f3n no es ni el pasado ni los que hoy est\u00e1n y se aferran a las practicas del pasado, la soluci\u00f3n al presente tiene que venir con ideas de futuro, de un proyecto colectivo y libre que les permita a los ciudadanos caminar m\u00e1s deprisa.<\/p>\n<p>La base de nuestro Movimiento son los buenos gobiernos, que promueven la participaci\u00f3n ciudadana, los presupuestos participativos, la transparencia y la revocaci\u00f3n de mandato. La apuesta del Movimiento Naranja es la apuesta de los gobiernos ciudadanos en favor de M\u00e9xico y de Veracruz.<\/p>\n<p><em><strong>Doctor Arias Lovillo:<\/strong><\/em><\/p>\n<p>Hemos seguido de cerca los logros alcanzados por la \u201cPlataforma Ciudadana\u201d que usted impulsa; reconocemos que su propuesta representa un proyecto de futuro para el municipio de Xalapa. Apreciamos en su trabajo, en sus ideas y en su pasi\u00f3n las mismas motivaciones que nos mueven como fuerza pol\u00edtica. Creemos en lo mismo.<\/p>\n<p>Queremos abrirle las puertas de nuestro Movimiento para que juntos logremos darle a los xalapen\u0303os una opci\u00f3n ciudadana diferente. En un ejercicio que lleve de la mano una candidatura ciudadana y una planilla ciudadana que verdaderamente represente a la capital y a su gente. Con usted como coprotagonista de un cambio que involucre a nuevos servidores p\u00fablicos, sin distinci\u00f3n de edad, g\u00e9nero o religi\u00f3n y sin alianzas con el pasado.<\/p>\n<p>Tenga la seguridad de que en Movimiento Ciudadano tendr\u00e1 toda la libertad para construir un proyecto sin cuotas y con la autonom\u00eda necesaria para integrar un gobierno con los mejores hombres y mujeres que requiere el municipio.<\/p>\n<p>Demostremos que en Xalapa y en el estado si\u0301 hay alternativa pol\u00edtica y electoral. Juntos podemos trabajar para devolverle su grandeza a nuestra capital, la Atenas Veracruzana. La ciudad de la cultura, la educaci\u00f3n y la dignidad.<\/p>\n<p>Recuperemos la grandeza de Xalapa.<\/p>\n<p style=\"text-align: center;\">\n<p style=\"text-align: center;\">Sinceramente,<\/p>\n<p style=\"text-align: center;\"><strong>Sergio Gil Rulla\u0301n<\/strong><\/p>\n<p style=\"text-align: center;\"><strong>Luis Carbonell de la Hoz Garc\u00eda Lizardi<\/strong><\/p>\n<p style=\"text-align: center;\"><strong>Diputada Dulce Mar\u00eda M\u00e9ndez de la Luz Dauz\u00f3n<\/strong><\/p>\n<p style=\"text-align: center;\"><strong>Hel\u00ed Herrera Hern\u00e1ndez<\/strong><\/p>\n<p style=\"text-align: center;\"><strong>Maribel Ram\u00edrez Topete<\/strong><\/p>\n<p style=\"text-align: center;\"><strong>Rodolfo Quiroz Mar<\/strong><\/p>\n<p style=\"text-align: center;\"><strong>Eduardo S\u00e1nchez Mac\u00edas<\/strong><\/p>\n<p style=\"text-align: center;\"><strong>Fabiola Martinez Ram\u00edrez<\/strong><\/p>\n<p style=\"text-align: center;\"><strong>Diputada Ivonne Trujillo Ortiz.<\/strong><\/p>\n<p style=\"text-align: center;\"><strong>Froyl\u00e1n Ram\u00edrez Lara<\/strong><\/p>\n<p style=\"text-align: center;\"><strong>Feliciano Leal Ram\u00edrez<\/strong><\/p>\n<p style=\"text-align: center;\"><strong>Miguel \u00c1ngel Castillo L\u00f3pez<\/strong><\/p>\n<p style=\"text-align: center;\"><strong>Moshe Giovanni Arcos Marines<\/strong><\/p>\n<p style=\"text-align: center;\">\n<p style=\"text-align: center;\"><a href=\"http:\/\/www.lospoliticosveracruz.com.mx\/wp-content\/uploads\/2021\/02\/WhatsApp-Image-2021-02-22-at-11.22.401.jpeg\"><img loading=\"lazy\" decoding=\"async\" class=\"aligncenter size-large wp-image-68537\" src=\"http:\/\/www.lospoliticosveracruz.com.mx\/wp-content\/uploads\/2021\/02\/WhatsApp-Image-2021-02-22-at-11.22.401-622x1024.jpeg\" alt=\"WhatsApp Image 2021-02-22 at 11.22.40\" width=\"622\" height=\"1024\" \/><\/a><\/p>\n","protected":false},"excerpt":{"rendered":"<p>Xalapa Enr\u00edquez, Ver. A 22 de febrero 2021 Estimado Doctor Ra\u00fal Arias Lovillo. En Movimiento Ciudadano siempre hemos cre\u00eddo en las candidaturas independientes, nosotros las propusimos desde el a\u00f1o 2007. El 13 de septiembre de 2013 votamos a favor de su creaci\u00f3n en el Congreso de la Uni\u00f3n. Son una herramienta fundamental de la democracia [&hellip;]<\/p>\n","protected":false},"author":2,"featured_media":0,"comment_status":"open","ping_status":"open","sticky":false,"template":"","format":"standard","meta":{"_jetpack_newsletter_access":"","_jetpack_dont_email_post_to_subs":false,"_jetpack_newsletter_tier_id":0,"_jetpack_memberships_contains_paywalled_content":false,"_jetpack_memberships_contains_paid_content":false,"footnotes":""},"categories":[73],"tags":[],"class_list":["post-68534","post","type-post","status-publish","format-standard","hentry","category-de-boleto"],"jetpack_featured_media_url":"","jetpack_sharing_enabled":true,"jetpack_shortlink":"https:\/\/wp.me\/p4Qcd3-hPo","_links":{"self":[{"href":"https:\/\/lospoliticosveracruz.com.mx\/index.php?rest_route=\/wp\/v2\/posts\/68534","targetHints":{"allow":["GET"]}}],"collection":[{"href":"https:\/\/lospoliticosveracruz.com.mx\/index.php?rest_route=\/wp\/v2\/posts"}],"about":[{"href":"https:\/\/lospoliticosveracruz.com.mx\/index.php?rest_route=\/wp\/v2\/types\/post"}],"author":[{"embeddable":true,"href":"https:\/\/lospoliticosveracruz.com.mx\/index.php?rest_route=\/wp\/v2\/users\/2"}],"replies":[{"embeddable":true,"href":"https:\/\/lospoliticosveracruz.com.mx\/index.php?rest_route=%2Fwp%2Fv2%2Fcomments&post=68534"}],"version-history":[{"count":1,"href":"https:\/\/lospoliticosveracruz.com.mx\/index.php?rest_route=\/wp\/v2\/posts\/68534\/revisions"}],"predecessor-version":[{"id":68538,"href":"https:\/\/lospoliticosveracruz.com.mx\/index.php?rest_route=\/wp\/v2\/posts\/68534\/revisions\/68538"}],"wp:attachment":[{"href":"https:\/\/lospoliticosveracruz.com.mx\/index.php?rest_route=%2Fwp%2Fv2%2Fmedia&parent=68534"}],"wp:term":[{"taxonomy":"category","embeddable":true,"href":"https:\/\/lospoliticosveracruz.com.mx\/index.php?rest_route=%2Fwp%2Fv2%2Fcategories&post=68534"},{"taxonomy":"post_tag","embeddable":true,"href":"https:\/\/lospoliticosveracruz.com.mx\/index.php?rest_route=%2Fwp%2Fv2%2Ftags&post=68534"}],"curies":[{"name":"wp","href":"https:\/\/api.w.org\/{rel}","templated":true}]}}