{"id":68590,"date":"2021-02-23T10:45:24","date_gmt":"2021-02-23T16:45:24","guid":{"rendered":"http:\/\/www.lospoliticosveracruz.com.mx\/?p=68590"},"modified":"2021-02-23T10:45:24","modified_gmt":"2021-02-23T16:45:24","slug":"chorro-de-observaciones-lo-bueno-es-que-no-nos-van-a-sancionar","status":"publish","type":"post","link":"https:\/\/lospoliticosveracruz.com.mx\/?p=68590","title":{"rendered":"Chorro de observaciones; \u00ablo bueno es que no nos van a sancionar\u00bb"},"content":{"rendered":"<p>&nbsp;<\/p>\n<p><strong>Xalapa<\/strong><br \/>\nEl gobernador Cuitl\u00e1huac Garc\u00eda Jim\u00e9nez, advirti\u00f3 que su gobierno \u00abno solapar\u00e1 a nadie\u00bb en caso de presunto da\u00f1o patrimonial a la Cuenta P\u00fablica 2019.<br \/>\nEn ese sentido, adelant\u00f3 que \u00abse libr\u00f3\u00bb las sanciones de la Auditoria Superior de la Federaci\u00f3n (ASF), quien hab\u00eda hecho observaciones sobre el manejo de los recursos en diversas dependencias por el orden de los 2 mil 413 millones de pesos.<br \/>\n\u201cLas buenas noticias es que no nos van a sancionar, estamos bien, la conclusi\u00f3n que nos hicieron en general es que hubo buen manejo de las finanzas en Veracruz. Tiene observaciones m\u00ednimas, vamos a esperar\u201d, manifest\u00f3 el titular del ejecutivo.<br \/>\nGarc\u00eda Jim\u00e9nez afirm\u00f3 que su Gobierno atender\u00e1 todas las observaciones y aclar\u00f3 que la ASF audit\u00f3 40 mil millones de pesos que manej\u00f3 su administraci\u00f3n en 2019.<br \/>\n\u201cHasta ahorita nada, de los 40 mmdp vamos bien, es lo que sali\u00f3, vamos a esperar lo dem\u00e1s. Como lo he dicho, vamos a estar solventando, si surgiera vamos a ver lo que pas\u00f3 y no vamos a solapar\u201d.<br \/>\nHay que resaltar que en la segunda entrega de la revisi\u00f3n a la cuenta p\u00fablica 2019 de la Auditor\u00eda Superior de la Federaci\u00f3n, el gobierno del estado de Veracruz registr\u00f3 el segundo mayor monto con observaciones del pa\u00eds.<br \/>\nSe puede consultar que en el cap\u00edtulo de \u00abGasto federalizado se muesteab el monto observado por entidad federativa y ente federal auditado.<br \/>\nSe detect\u00f3 que de 2 mil 419 millones de pesos, deriv\u00f3 un monto por aclarar de 2 mil 413 millones de pesos; esto es, un 9.4 por ciento.<br \/>\nSin embargo, a decir de Garc\u00eda Jim\u00e9nez, hasta el momento, las observaciones previamente se\u00f1aladas est\u00e1n solventadas y a\u00fan se encuentran en el an\u00e1lisis de los resultados en las dependencias.<\/p>\n","protected":false},"excerpt":{"rendered":"<p>&nbsp; Xalapa El gobernador Cuitl\u00e1huac Garc\u00eda Jim\u00e9nez, advirti\u00f3 que su gobierno \u00abno solapar\u00e1 a nadie\u00bb en caso de presunto da\u00f1o patrimonial a la Cuenta P\u00fablica 2019. En ese sentido, adelant\u00f3 que \u00abse libr\u00f3\u00bb las sanciones de la Auditoria Superior de la Federaci\u00f3n (ASF), quien hab\u00eda hecho observaciones sobre el manejo de los recursos en diversas [&hellip;]<\/p>\n","protected":false},"author":2,"featured_media":0,"comment_status":"open","ping_status":"open","sticky":false,"template":"","format":"standard","meta":{"_jetpack_newsletter_access":"","_jetpack_dont_email_post_to_subs":false,"_jetpack_newsletter_tier_id":0,"_jetpack_memberships_contains_paywalled_content":false,"_jetpack_memberships_contains_paid_content":false,"footnotes":""},"categories":[6446],"tags":[2180,1917,20641,20000,1563,709,23263],"class_list":["post-68590","post","type-post","status-publish","format-standard","hentry","category-la-nota","tag-asf","tag-auditoria-superior-de-la-federacion","tag-cero-observaciones","tag-cuenta-publica-2019","tag-cuitlahuac-garcia-jimenez","tag-dano-patrimonial","tag-observaciones"],"jetpack_featured_media_url":"","jetpack_sharing_enabled":true,"jetpack_shortlink":"https:\/\/wp.me\/p4Qcd3-hQi","_links":{"self":[{"href":"https:\/\/lospoliticosveracruz.com.mx\/index.php?rest_route=\/wp\/v2\/posts\/68590","targetHints":{"allow":["GET"]}}],"collection":[{"href":"https:\/\/lospoliticosveracruz.com.mx\/index.php?rest_route=\/wp\/v2\/posts"}],"about":[{"href":"https:\/\/lospoliticosveracruz.com.mx\/index.php?rest_route=\/wp\/v2\/types\/post"}],"author":[{"embeddable":true,"href":"https:\/\/lospoliticosveracruz.com.mx\/index.php?rest_route=\/wp\/v2\/users\/2"}],"replies":[{"embeddable":true,"href":"https:\/\/lospoliticosveracruz.com.mx\/index.php?rest_route=%2Fwp%2Fv2%2Fcomments&post=68590"}],"version-history":[{"count":1,"href":"https:\/\/lospoliticosveracruz.com.mx\/index.php?rest_route=\/wp\/v2\/posts\/68590\/revisions"}],"predecessor-version":[{"id":68592,"href":"https:\/\/lospoliticosveracruz.com.mx\/index.php?rest_route=\/wp\/v2\/posts\/68590\/revisions\/68592"}],"wp:attachment":[{"href":"https:\/\/lospoliticosveracruz.com.mx\/index.php?rest_route=%2Fwp%2Fv2%2Fmedia&parent=68590"}],"wp:term":[{"taxonomy":"category","embeddable":true,"href":"https:\/\/lospoliticosveracruz.com.mx\/index.php?rest_route=%2Fwp%2Fv2%2Fcategories&post=68590"},{"taxonomy":"post_tag","embeddable":true,"href":"https:\/\/lospoliticosveracruz.com.mx\/index.php?rest_route=%2Fwp%2Fv2%2Ftags&post=68590"}],"curies":[{"name":"wp","href":"https:\/\/api.w.org\/{rel}","templated":true}]}}