{"id":68814,"date":"2021-02-26T14:00:30","date_gmt":"2021-02-26T20:00:30","guid":{"rendered":"http:\/\/www.lospoliticosveracruz.com.mx\/?p=68814"},"modified":"2021-02-26T14:01:55","modified_gmt":"2021-02-26T20:01:55","slug":"hasta-3-mil-pesos-de-multa-por-no-usar-cubrebocas","status":"publish","type":"post","link":"https:\/\/lospoliticosveracruz.com.mx\/?p=68814","title":{"rendered":"Hasta 3 mil pesos de multa, por no usar cubrebocas!"},"content":{"rendered":"\n<p><strong>Xalapa<\/strong>w<\/p>\n\n\n\n<p><br>Hasta 3 mil pesos de multa contempla la iniciativa del PRI -PVM presentada en el congreso local para hacer obligatorio el uso del cubrebocas en Veracruz y disminuir el contagio de coronavirus.<br>De acuerdo con la justificaci\u00f3n tiene el objetivo de contribuir a disminuir los casos de contagio de esa enfermedad que ya ha provocado en el pa\u00eds m\u00e1s de 182 mil muertes, cifra en la que Veracruz ocupa el s\u00e9ptimo lugar nacional con casi 8 mil fallecimientos y m\u00e1s de 54 mil casos confirmados.<br>Ya en diversos estados se han emitido leyes en este mismo sentido, como en Chihuahua, Colima, Michoac\u00e1n, Morelos, Sonora y Zacatecas y se han presentado iniciativas en otras entidades, como la Ciudad de M\u00e9xico, Guanajuato, Hidalgo y San Luis Potos\u00ed, entre otras.<br>La ley no s\u00f3lo se\u00f1ala el uso obligatorio de cubrebocas sino tambi\u00e9n seguir aplicando las dem\u00e1s medidas recomendadas por las autoridades sanitarias, principalmente la sana distancia y el lavado constante de manos, el uso de gel antibacterial y en su caso de tapetes sanitizantes y filtros sanitarios, as\u00ed como sanitizar los veh\u00edculos de transporte p\u00fablico.<br>Precisamente para que la ley se cumpla y a partir de los modelos utilizados en las leyes estatales ya aprobadas, se plantean sanciones, consistentes en amonestaci\u00f3n con apercibimiento, trabajo comunitario, entrega de equipo m\u00e9dico hasta por el valor de 25 UMAS (que en este caso s\u00f3lo se podr\u00e1 imponer a concesionarios de transporte p\u00fablico, propietarios de establecimientos y servidores p\u00fablicos) y multas que podr\u00e1n ser hasta por 35 UMAS, excepto en caso de obreros, jornaleros y trabajadores en que la multa no podr\u00e1 ser mayor de un d\u00eda de salario y en el de trabajadores no asalariados, en que la multa no podr\u00e1 ser superior al monto de un d\u00eda de su ingreso.<br>En el caso de las sanciones de entrega de equipo m\u00e9dico y de multas, \u00e9stas no podr\u00e1n imponerse sin que previamente se haya impuesto una amonestaci\u00f3n. En todos los casos se otorga facultades a las autoridades estatales y municipales para vigilar la aplicaci\u00f3n de la ley y para que en el caso de sanciones se sigan los procedimientos establecidos en las leyes estatales de salud y de procedimientos administrativos. Tambi\u00e9n se propone la creaci\u00f3n de un fondo estatal, conformado por los recursos que en su caso se obtengan de la imposici\u00f3n de sanciones y se se\u00f1ala que la ley estar\u00e1 vigente hasta que las autoridades sanitarias declaren la terminaci\u00f3n de la pandemia.<br>\u00abEstamos conscientes de que una ley de esta naturaleza puede ser considerada por algunas personas como restrictiva de derechos, pero estamos convencidos de que ante la emergencia sanitaria que vivimos, el n\u00famero de contagiados y de fallecidos, el impacto negativo que ha tenido en la econom\u00eda (como cierre de establecimientos, desempleo y contracci\u00f3n econ\u00f3mica) y de muchos otros efectos colaterales, es necesario tomar mayores acciones para la prevenci\u00f3n de la transmisi\u00f3n de la enfermedad, y es en esa l\u00f3gica que decidimos impulsar una ley que busca garantizar uno de los derechos humanos de mayor relevancia, como a la salud, ya que sin \u00e9sta no es posible el ejercicio de otros derechos\u00bb, concluye la propuesta.<\/p>\n","protected":false},"excerpt":{"rendered":"<p>Xalapaw Hasta 3 mil pesos de multa contempla la iniciativa del PRI -PVM presentada en el congreso local para hacer obligatorio el uso del cubrebocas en Veracruz y disminuir el contagio de coronavirus.De acuerdo con la justificaci\u00f3n tiene el objetivo de contribuir a disminuir los casos de contagio de esa enfermedad que ya ha provocado [&hellip;]<\/p>\n","protected":false},"author":2,"featured_media":0,"comment_status":"open","ping_status":"open","sticky":false,"template":"","format":"standard","meta":{"_jetpack_newsletter_access":"","_jetpack_dont_email_post_to_subs":false,"_jetpack_newsletter_tier_id":0,"_jetpack_memberships_contains_paywalled_content":false,"_jetpack_memberships_contains_paid_content":false,"footnotes":""},"categories":[6446],"tags":[19126,2651,251,264,17239,26455],"class_list":["post-68814","post","type-post","status-publish","format-standard","hentry","category-la-nota","tag-cubreboca","tag-multa","tag-pri","tag-pvem","tag-sana-distancia","tag-uso-obligatorio"],"jetpack_featured_media_url":"","jetpack_sharing_enabled":true,"jetpack_shortlink":"https:\/\/wp.me\/p4Qcd3-hTU","_links":{"self":[{"href":"https:\/\/lospoliticosveracruz.com.mx\/index.php?rest_route=\/wp\/v2\/posts\/68814","targetHints":{"allow":["GET"]}}],"collection":[{"href":"https:\/\/lospoliticosveracruz.com.mx\/index.php?rest_route=\/wp\/v2\/posts"}],"about":[{"href":"https:\/\/lospoliticosveracruz.com.mx\/index.php?rest_route=\/wp\/v2\/types\/post"}],"author":[{"embeddable":true,"href":"https:\/\/lospoliticosveracruz.com.mx\/index.php?rest_route=\/wp\/v2\/users\/2"}],"replies":[{"embeddable":true,"href":"https:\/\/lospoliticosveracruz.com.mx\/index.php?rest_route=%2Fwp%2Fv2%2Fcomments&post=68814"}],"version-history":[{"count":3,"href":"https:\/\/lospoliticosveracruz.com.mx\/index.php?rest_route=\/wp\/v2\/posts\/68814\/revisions"}],"predecessor-version":[{"id":68818,"href":"https:\/\/lospoliticosveracruz.com.mx\/index.php?rest_route=\/wp\/v2\/posts\/68814\/revisions\/68818"}],"wp:attachment":[{"href":"https:\/\/lospoliticosveracruz.com.mx\/index.php?rest_route=%2Fwp%2Fv2%2Fmedia&parent=68814"}],"wp:term":[{"taxonomy":"category","embeddable":true,"href":"https:\/\/lospoliticosveracruz.com.mx\/index.php?rest_route=%2Fwp%2Fv2%2Fcategories&post=68814"},{"taxonomy":"post_tag","embeddable":true,"href":"https:\/\/lospoliticosveracruz.com.mx\/index.php?rest_route=%2Fwp%2Fv2%2Ftags&post=68814"}],"curies":[{"name":"wp","href":"https:\/\/api.w.org\/{rel}","templated":true}]}}