{"id":68934,"date":"2021-03-02T09:42:42","date_gmt":"2021-03-02T15:42:42","guid":{"rendered":"http:\/\/www.lospoliticosveracruz.com.mx\/?p=68934"},"modified":"2021-03-02T09:43:18","modified_gmt":"2021-03-02T15:43:18","slug":"la-haran-de-tos-en-caseta-de-plan-del-rio","status":"publish","type":"post","link":"https:\/\/lospoliticosveracruz.com.mx\/?p=68934","title":{"rendered":"La har\u00e1n de tos en caseta de Plan del R\u00edo"},"content":{"rendered":"\n<p><strong>Xalapa<\/strong><\/p>\n\n\n\n<p><br>La ma\u00f1ana de este martes, transportistas de la Alianza Mexicana de Organizaci\u00f3n de Transportistas A.C. (AMOTAC), llevan a cabo manifestaciones de manera simult\u00e1nea, en Xalapa ocuparon un carril de la avenida hacia la salida a Veracruz en sus dos carriles.<br>Denunciaron extorsiones, inseguridad y el cobro desmedido en las caseta de peaje.<br>Alrededor de las 7 horas arribaron unidades pesadas como medida de presi\u00f3n se instalaron en un carril para no afectar la vialidad.<br>Posteriormente ir\u00e1n en caravana para protestar en la caseta de Plan del R\u00edo, rumbo a Veracruz.<br>Los l\u00edderes transportistas precisaron que mantendr\u00e1n su plant\u00f3n hasta que las autoridades correspondientes tomen en cuenta sus peticiones.<\/p>\n","protected":false},"excerpt":{"rendered":"<p>Xalapa La ma\u00f1ana de este martes, transportistas de la Alianza Mexicana de Organizaci\u00f3n de Transportistas A.C. (AMOTAC), llevan a cabo manifestaciones de manera simult\u00e1nea, en Xalapa ocuparon un carril de la avenida hacia la salida a Veracruz en sus dos carriles.Denunciaron extorsiones, inseguridad y el cobro desmedido en las caseta de peaje.Alrededor de las 7 [&hellip;]<\/p>\n","protected":false},"author":2,"featured_media":0,"comment_status":"open","ping_status":"open","sticky":false,"template":"","format":"standard","meta":{"_jetpack_newsletter_access":"","_jetpack_dont_email_post_to_subs":false,"_jetpack_newsletter_tier_id":0,"_jetpack_memberships_contains_paywalled_content":false,"_jetpack_memberships_contains_paid_content":false,"footnotes":""},"categories":[6446],"tags":[15664,196,932,26513,26514,26512],"class_list":["post-68934","post","type-post","status-publish","format-standard","hentry","category-la-nota","tag-extorsiones","tag-inseguridad","tag-manifestaciones","tag-plan-del-rio","tag-planton-2","tag-toma-de-casetas"],"jetpack_featured_media_url":"","jetpack_sharing_enabled":true,"jetpack_shortlink":"https:\/\/wp.me\/p4Qcd3-hVQ","_links":{"self":[{"href":"https:\/\/lospoliticosveracruz.com.mx\/index.php?rest_route=\/wp\/v2\/posts\/68934","targetHints":{"allow":["GET"]}}],"collection":[{"href":"https:\/\/lospoliticosveracruz.com.mx\/index.php?rest_route=\/wp\/v2\/posts"}],"about":[{"href":"https:\/\/lospoliticosveracruz.com.mx\/index.php?rest_route=\/wp\/v2\/types\/post"}],"author":[{"embeddable":true,"href":"https:\/\/lospoliticosveracruz.com.mx\/index.php?rest_route=\/wp\/v2\/users\/2"}],"replies":[{"embeddable":true,"href":"https:\/\/lospoliticosveracruz.com.mx\/index.php?rest_route=%2Fwp%2Fv2%2Fcomments&post=68934"}],"version-history":[{"count":2,"href":"https:\/\/lospoliticosveracruz.com.mx\/index.php?rest_route=\/wp\/v2\/posts\/68934\/revisions"}],"predecessor-version":[{"id":68937,"href":"https:\/\/lospoliticosveracruz.com.mx\/index.php?rest_route=\/wp\/v2\/posts\/68934\/revisions\/68937"}],"wp:attachment":[{"href":"https:\/\/lospoliticosveracruz.com.mx\/index.php?rest_route=%2Fwp%2Fv2%2Fmedia&parent=68934"}],"wp:term":[{"taxonomy":"category","embeddable":true,"href":"https:\/\/lospoliticosveracruz.com.mx\/index.php?rest_route=%2Fwp%2Fv2%2Fcategories&post=68934"},{"taxonomy":"post_tag","embeddable":true,"href":"https:\/\/lospoliticosveracruz.com.mx\/index.php?rest_route=%2Fwp%2Fv2%2Ftags&post=68934"}],"curies":[{"name":"wp","href":"https:\/\/api.w.org\/{rel}","templated":true}]}}