{"id":68940,"date":"2021-03-02T09:57:45","date_gmt":"2021-03-02T15:57:45","guid":{"rendered":"http:\/\/www.lospoliticosveracruz.com.mx\/?p=68940"},"modified":"2021-03-02T09:57:49","modified_gmt":"2021-03-02T15:57:49","slug":"kristel-por-santiago","status":"publish","type":"post","link":"https:\/\/lospoliticosveracruz.com.mx\/?p=68940","title":{"rendered":"Kristel, por Santiago"},"content":{"rendered":"\n<p><strong>Eduardo Venegas<\/strong><br><em>Ac\u00e1 entre nos<\/em><\/p>\n\n\n\n<p><br>Kristel Hern\u00e1ndez Topete, ser\u00e1 la candidata a la alcald\u00eda de Santiago Tuxtla por el Partido de la Revoluci\u00f3n Democr\u00e1tica, ella es buen cuadro que representa el triunfo en la demarcaci\u00f3n.<br>Actualmente es diputada local del distrito 24, ha realizado un buen trabajo, durante su gesti\u00f3n ha realizado se ha consolidado como una pol\u00edtica destacada en la regi\u00f3n.<br>Kristel es maestra de profesi\u00f3n, es joven, sensible, tiene todas las preferencias electorales; Santiago Tuxtla tendr\u00e1 una buena alcaldesa, y no solo ir\u00e1 por el PRD, tambi\u00e9n la respalda la alianza \u201cVa por Veracruz\u201d que tambi\u00e9n incluye al Partido Revolucionario Institucional y al Partido de la Revoluci\u00f3n Democr\u00e1tica.<br>Ya que hablamos de legisladoras en el distrito XXIII la diputada local Dra. Margarita Corro Mendoza buscar\u00e1 la reelecci\u00f3n por el Partido Morena.<br>Mago como la conocen en la regi\u00f3n es una mujer destacada, originaria del municipio de Tierra Blanca, es el mejor cuadro que tiene la Cuarta Transformaci\u00f3n en la zona.<br>A la doctora la respaldan liderazgos reales, los municipios grandes est\u00e1n con ella.<br>En el caso de Tres Valles si Fernando Cano de Le\u00f3n va de candidato Mago la tendr\u00e1 f\u00e1cil en esta demarcaci\u00f3n.<br>Ya que hablamos de Tres Valles; hoy tuvimos la oportunidad de saludar al buen amigo Fernando Cano de Le\u00f3n en Tlacotalpan, un joven ameno, trabajador, que anda inmerso en la pol\u00edtica desde hace 30 a\u00f1os. No es un pol\u00edtico improvisado, sabe del tema y ha trabajado de la mano de grandes liderazgos de este estado.<br>Fernando Cano tiene grandes posibilidades, ha camino su tierra y sabe pactar. Si Morena define a su favor, caminar\u00e1 de frente, mirando a su gente a los ojos pidi\u00e9ndoles el voto, eso no es f\u00e1cil en estos tiempos.<\/p>\n","protected":false},"excerpt":{"rendered":"<p>Eduardo VenegasAc\u00e1 entre nos Kristel Hern\u00e1ndez Topete, ser\u00e1 la candidata a la alcald\u00eda de Santiago Tuxtla por el Partido de la Revoluci\u00f3n Democr\u00e1tica, ella es buen cuadro que representa el triunfo en la demarcaci\u00f3n.Actualmente es diputada local del distrito 24, ha realizado un buen trabajo, durante su gesti\u00f3n ha realizado se ha consolidado como una [&hellip;]<\/p>\n","protected":false},"author":2,"featured_media":0,"comment_status":"open","ping_status":"open","sticky":false,"template":"","format":"standard","meta":{"_jetpack_newsletter_access":"","_jetpack_dont_email_post_to_subs":false,"_jetpack_newsletter_tier_id":0,"_jetpack_memberships_contains_paywalled_content":false,"_jetpack_memberships_contains_paid_content":false,"footnotes":""},"categories":[70],"tags":[26517,13642,13187,107,1105,25054],"class_list":["post-68940","post","type-post","status-publish","format-standard","hentry","category-de-opinion","tag-eduardo-venegas","tag-kristel-hernandez-topete","tag-margarita-corro-mendoza","tag-prd","tag-santiago-tuxtla","tag-va-por-veracruz"],"jetpack_featured_media_url":"","jetpack_sharing_enabled":true,"jetpack_shortlink":"https:\/\/wp.me\/p4Qcd3-hVW","_links":{"self":[{"href":"https:\/\/lospoliticosveracruz.com.mx\/index.php?rest_route=\/wp\/v2\/posts\/68940","targetHints":{"allow":["GET"]}}],"collection":[{"href":"https:\/\/lospoliticosveracruz.com.mx\/index.php?rest_route=\/wp\/v2\/posts"}],"about":[{"href":"https:\/\/lospoliticosveracruz.com.mx\/index.php?rest_route=\/wp\/v2\/types\/post"}],"author":[{"embeddable":true,"href":"https:\/\/lospoliticosveracruz.com.mx\/index.php?rest_route=\/wp\/v2\/users\/2"}],"replies":[{"embeddable":true,"href":"https:\/\/lospoliticosveracruz.com.mx\/index.php?rest_route=%2Fwp%2Fv2%2Fcomments&post=68940"}],"version-history":[{"count":1,"href":"https:\/\/lospoliticosveracruz.com.mx\/index.php?rest_route=\/wp\/v2\/posts\/68940\/revisions"}],"predecessor-version":[{"id":68942,"href":"https:\/\/lospoliticosveracruz.com.mx\/index.php?rest_route=\/wp\/v2\/posts\/68940\/revisions\/68942"}],"wp:attachment":[{"href":"https:\/\/lospoliticosveracruz.com.mx\/index.php?rest_route=%2Fwp%2Fv2%2Fmedia&parent=68940"}],"wp:term":[{"taxonomy":"category","embeddable":true,"href":"https:\/\/lospoliticosveracruz.com.mx\/index.php?rest_route=%2Fwp%2Fv2%2Fcategories&post=68940"},{"taxonomy":"post_tag","embeddable":true,"href":"https:\/\/lospoliticosveracruz.com.mx\/index.php?rest_route=%2Fwp%2Fv2%2Ftags&post=68940"}],"curies":[{"name":"wp","href":"https:\/\/api.w.org\/{rel}","templated":true}]}}