{"id":68943,"date":"2021-03-02T10:11:29","date_gmt":"2021-03-02T16:11:29","guid":{"rendered":"http:\/\/www.lospoliticosveracruz.com.mx\/?p=68943"},"modified":"2021-03-02T10:11:32","modified_gmt":"2021-03-02T16:11:32","slug":"semana-santa-de-mas-contagios","status":"publish","type":"post","link":"https:\/\/lospoliticosveracruz.com.mx\/?p=68943","title":{"rendered":"Semana Santa de m\u00e1s contagios!"},"content":{"rendered":"\n<p><strong>Xalapa<\/strong><\/p>\n\n\n\n<p><br>La presidenta de la comisi\u00f3n de Salud del congreso federal, la diputada Carmen Medel Palma advirti\u00f3 de un repunte de contagios de coronavirus en Semana Santa.<br>No obstante, se pronunci\u00f3 en contra del cierre de las playas veracruzanas \u00abesa ya es decisi\u00f3n del gobierno.<br>Por lo que pidi\u00f3 no bajar la guardia y mantener las medidas sanitarias correspondientes.<br>\u00abTenemos que acatar medidas, tenemos la pandemia a\u00fan latente, el virus no se ha ido\u00bb.<br>La legisladora morenista insisti\u00f3 en el riesgo de contagios por coronavirus se eleve en el periodo vacacional de Semana Santa en Veracruz.<br>\u00abPor supuesto que s\u00ed. Toda alglomeraci\u00f3n conlleva a un repunte\u00bb.<\/p>\n","protected":false},"excerpt":{"rendered":"<p>Xalapa La presidenta de la comisi\u00f3n de Salud del congreso federal, la diputada Carmen Medel Palma advirti\u00f3 de un repunte de contagios de coronavirus en Semana Santa.No obstante, se pronunci\u00f3 en contra del cierre de las playas veracruzanas \u00abesa ya es decisi\u00f3n del gobierno.Por lo que pidi\u00f3 no bajar la guardia y mantener las medidas [&hellip;]<\/p>\n","protected":false},"author":2,"featured_media":0,"comment_status":"open","ping_status":"open","sticky":false,"template":"","format":"standard","meta":{"_jetpack_newsletter_access":"","_jetpack_dont_email_post_to_subs":false,"_jetpack_newsletter_tier_id":0,"_jetpack_memberships_contains_paywalled_content":false,"_jetpack_memberships_contains_paid_content":false,"footnotes":""},"categories":[6446],"tags":[13083,26519,1026,23251,26520,2244],"class_list":["post-68943","post","type-post","status-publish","format-standard","hentry","category-la-nota","tag-carmen-medel-palma","tag-cierre-de-playas","tag-morena","tag-protocolos-sanitarios","tag-repunte","tag-semana-santa"],"jetpack_featured_media_url":"","jetpack_sharing_enabled":true,"jetpack_shortlink":"https:\/\/wp.me\/p4Qcd3-hVZ","_links":{"self":[{"href":"https:\/\/lospoliticosveracruz.com.mx\/index.php?rest_route=\/wp\/v2\/posts\/68943","targetHints":{"allow":["GET"]}}],"collection":[{"href":"https:\/\/lospoliticosveracruz.com.mx\/index.php?rest_route=\/wp\/v2\/posts"}],"about":[{"href":"https:\/\/lospoliticosveracruz.com.mx\/index.php?rest_route=\/wp\/v2\/types\/post"}],"author":[{"embeddable":true,"href":"https:\/\/lospoliticosveracruz.com.mx\/index.php?rest_route=\/wp\/v2\/users\/2"}],"replies":[{"embeddable":true,"href":"https:\/\/lospoliticosveracruz.com.mx\/index.php?rest_route=%2Fwp%2Fv2%2Fcomments&post=68943"}],"version-history":[{"count":1,"href":"https:\/\/lospoliticosveracruz.com.mx\/index.php?rest_route=\/wp\/v2\/posts\/68943\/revisions"}],"predecessor-version":[{"id":68945,"href":"https:\/\/lospoliticosveracruz.com.mx\/index.php?rest_route=\/wp\/v2\/posts\/68943\/revisions\/68945"}],"wp:attachment":[{"href":"https:\/\/lospoliticosveracruz.com.mx\/index.php?rest_route=%2Fwp%2Fv2%2Fmedia&parent=68943"}],"wp:term":[{"taxonomy":"category","embeddable":true,"href":"https:\/\/lospoliticosveracruz.com.mx\/index.php?rest_route=%2Fwp%2Fv2%2Fcategories&post=68943"},{"taxonomy":"post_tag","embeddable":true,"href":"https:\/\/lospoliticosveracruz.com.mx\/index.php?rest_route=%2Fwp%2Fv2%2Ftags&post=68943"}],"curies":[{"name":"wp","href":"https:\/\/api.w.org\/{rel}","templated":true}]}}