{"id":68946,"date":"2021-03-02T10:34:23","date_gmt":"2021-03-02T16:34:23","guid":{"rendered":"http:\/\/www.lospoliticosveracruz.com.mx\/?p=68946"},"modified":"2021-03-02T10:57:37","modified_gmt":"2021-03-02T16:57:37","slug":"evaluar-y-renovar-la-universidad","status":"publish","type":"post","link":"https:\/\/lospoliticosveracruz.com.mx\/?p=68946","title":{"rendered":"Evaluar y renovar la Universidad"},"content":{"rendered":"\n<p><strong>Rafael Arias Hern\u00e1ndez<\/strong><\/p>\n\n\n\n<p><em>Mutatis mutandis<\/em><br><br><br>Ni real, ni pontificia. Tampoco cartel burocr\u00e1tico de par\u00e1sitos ineficientes; mucho menos, refugio de maleantes y corruptos.<br>La autonom\u00eda es reconocimiento y privilegio; imprescindible apoyarla con un desempe\u00f1o honesto y capaz, de buenos y comprobables resultados.<br>No hay de otra. La responsabilidad debe asumirse; y la oportunidad debe aprovecharse. No rehuir, ni ignorar la realidad; tampoco asumir una actitud de conformismo o desinter\u00e9s; mucho menos enga\u00f1ar y simular, que se cumple y hace, lo que se debe hacer.<br>En general, organizaciones p\u00fablicas; instituciones y dependencias gubernamentales; y, en su caso las Universidades P\u00fablicas, enfrentan problem\u00e1ticas y condiciones, dif\u00edciles y adversas.<br>Presentes las inocultables crisis econ\u00f3micas y de finanzas p\u00fablicas; la ineficiencia y delincuencia gubernamental; y, los efectos pand\u00e9micos, devastadores a la salud humana.<br>En s\u00edntesis, la realidad cambia y obliga a enfrentar otras situaciones. Indispensable informarse y contar con diagn\u00f3sticos actualizados y confiables, para saber que se debe hacer. No se puede cambiar lo que se desconoce. Para atender, hay que entender.<br>Ante todo esto y m\u00e1s, insistir que el reto de toda Universidad es aprovechar, generar e impulsar el conocimiento; demostrar capacidad y efectividad, en la b\u00fasqueda y estructuraci\u00f3n de soluciones y propuestas; y adem\u00e1s, fortalecer creatividad, innovaci\u00f3n y promoci\u00f3n cient\u00edfica, art\u00edstica y cultural.<br>Cuando menos, podr\u00eda hablarse de seis aspectos importantes y urgentes, que toda instituci\u00f3n p\u00fablica de educaci\u00f3n superior, debe atender:<\/p>\n\n\n\n<ol class=\"wp-block-list\"><li>La ineludible responsabilidad social.<\/li><li>La ampliaci\u00f3n, en cantidad y calidad, de la cobertura docente, de investigaci\u00f3n y difusi\u00f3n.<\/li><li>El ejercicio de la democracia y buen gobierno.<\/li><li>El impulso de la administraci\u00f3n eficiente y el combate a la corrupci\u00f3n, y; 5. El respeto, atenci\u00f3n y ampliaci\u00f3n, a derechos adquiridos, laborales, escolares, etc.<\/li><li>El apoyo y aliento, interno y externo, a la innovaci\u00f3n y creatividad.<br>El sistema educativo, para el 2020, seg\u00fan la Subsecretaria de Educaci\u00f3n, en el pa\u00eds es de casi 41 millones, poco m\u00e1s del 32%, las personas que estudian y laboran en dicho sistema.<br>En este contexto, la presi\u00f3n es innegable e inevitable, la Universidad P\u00fablica debe enfrentar la nueva realidad y asumir sus obligaciones sociales e institucionales. Se sabe, que no todas andan mal o peor; tambi\u00e9n, las hay regulares y buenas; y hasta pocas y contadas, las hay reconocidas, destacadas y haciendo un buen esfuerzo.<br>En la actualidad, la educaci\u00f3n superior en M\u00e9xico, a\u00fan con sus insuficiencias y deficiencias, es m\u00e1s amplia y compleja.<br>Seg\u00fan fuente oficial, para el ciclo 2000, en cifras cerradas, se contaba con poco m\u00e1s de 2 millones, que para 2019-20 pas\u00f3 a 4.7 millones de estudiantes de licenciatura y m\u00e1s de 384, 600 en postgrado. Atendidos por 430 mil docentes, y 188 mil no docentes. En casi 6, 400 instituciones de educaci\u00f3n superior: 2,455 p\u00fablicas y 3, 940 particulares, con m\u00e1s de 6,600 planteles.<br>Sin embargo, en t\u00e9rminos generales, resalta el hecho de que, M\u00e9xico tiene una cobertura de educaci\u00f3n superior, de casi del 40%, de la poblaci\u00f3n de 15 a 21 a\u00f1os, inferior a la de otros pa\u00edses.<br>Seg\u00fan la OCDE, la educaci\u00f3n superior, \u00ab\u2026es un campo en el que M\u00e9xico tiene mucha tarea. El 82% de los mexicanos entre 25 y 64 a\u00f1os no cuenta con estudios de educaci\u00f3n superior, (en comparaci\u00f3n con un promedio de la OCDE de 63%).<br>Recomendable la lectura de dos estudios, promovidos por la OCDE sobre educaci\u00f3n superior en M\u00e9xico: \u00abEl Futuro de la Educaci\u00f3n Superior en M\u00e9xico: Promoviendo Calidad y Equidad\u00bb; y, \u00abLa Educaci\u00f3n Superior en M\u00e9xico: Resultados y Relevancia para el Mercado Laboral\u00bb.<br><strong><em><a href=\"https:\/\/www.oecd.org\/about\/secretary-general\/challenges-and-opportunities-of-higher-education-in-mexico-january-2020-sp.htm\">https:\/\/www.oecd.org\/about\/secretary-general\/challenges-and-opportunities-of-higher-education-in-mexico-january-2020-sp.htm<\/a><\/em><\/strong><br>En lo interno, en t\u00e9rminos porcentuales, hay coberturas como las de: CDM 96, Nuevo Le\u00f3n 48, Sinaloa 54, Nuevo Le\u00f3n 47, Aguascalientes 42, Colima 41, Puebla y Sonora 40, Yucat\u00e1n 38, Tabasco 37.<br>Sobresale la Zona sur sureste, con 28.5. Veracruz 34 en el ciclo 2019-2020, cuando en el ciclo en el 2018-19, fue de 33%. Adem\u00e1s, Guerrero 23, Chiapas 23, Oaxaca 21.<br>Solo 7 arriba del promedio. CDMX, Sinaloa, Nuevo le\u00f3n, Aguascalientes, Colima, Puebla, y Sonora.<br>Importante conocer y analizar el conjunto nacional, as\u00ed como las partes. Tanto en la educaci\u00f3n p\u00fablica como en la particular.<br>Cada entidad sostiene caracter\u00edsticas y disposiciones que est\u00e1n siendo afectadas por las reformas constitucionales y de otras leyes secundarias, como la nueva Ley de Educaci\u00f3n Superior.<br>En todo caso, oportuno se\u00f1alar, que las Universidades P\u00fablicas, antes con destacada presencia, en la actualidad siguen disminuyendo su participaci\u00f3n en el total. Inocultables los efectos en la cantidad y calidad educativa; as\u00ed como en la competitividad y aportaci\u00f3n al desarrollo.<br>Y qu\u00e9 decir, de la vigencia y efectividad como derecho humano y su gratuidad; de su vinculaci\u00f3n con las comunidades; y de su compromiso, con \u00e9nfasis en la atenci\u00f3n de las prioridades del pa\u00eds.<br>\u00bfCu\u00e1les son las realidades y alcances del programa oficial de educaci\u00f3n superior, rechazo cero?<br>En fin, un breve resumen de la composici\u00f3n institucional actual:<br>9 Universidades P\u00fablicas Federales. 34 Universidades P\u00fablicas Estatales. 23 Universidades P\u00fablicas Estatales con Apoyo Solidario. 25 Institutos Tecnol\u00f3gicos Federales.86 Universidades Tecnol\u00f3gicas. 50 Universidades Polit\u00e9cnicas. 10 Universidades Interculturales. 26 Centros de investigaci\u00f3n. 460 Escuelas Normales p\u00fablicas y privadas. 140 Universidades para el bienestar Benito Ju\u00e1rez; 2 Instituciones de Educaci\u00f3n Naval Militar; 15 en Educaci\u00f3n en materia judicial, seguridad e impartici\u00f3n de justicia; 16 en Educaci\u00f3n en Bellas Artes; 11 en Educaci\u00f3n en Salud; 1 en Educaci\u00f3n de Adultos en Am\u00e9rica Latina y el Caribe; 2 en Educaci\u00f3n en Antropolog\u00eda e Historia; 2 en Educaci\u00f3n en deportes; 1 en Educaci\u00f3n de la Marina Mercante; y otras..<br>Importante mencionar, que seg\u00fan la fuente oficial, 33 Instituciones de Educaci\u00f3n Superior, no proporcionan informaci\u00f3n suficiente para categorizarlas. Y a pesar de todo siguen ah\u00ed, abiertas y funcionando.<br>Los nuevos tiempos reclaman dar permanente y puntual seguimiento y evaluaci\u00f3n, de todo trabajo y actividad de los gobernantes. De igual forma, debe darse seguimiento, control y evaluaci\u00f3n a toda dependencia e instituci\u00f3n p\u00fablica.<br>La Universidad, debe encabezar el esfuerzo. Actualizarse y modernizarse, ampliar y mejorar su capacidad de respuesta y efectividad. Seguiremos.<\/li><\/ol>\n\n\n\n<p>-Acad\u00e9micoIIESESUV.Twitter@RafaelAriasH,Facebook:VeracruzHoydeRafaelAriasH<\/p>\n","protected":false},"excerpt":{"rendered":"<p>Rafael Arias Hern\u00e1ndez Mutatis mutandis Ni real, ni pontificia. Tampoco cartel burocr\u00e1tico de par\u00e1sitos ineficientes; mucho menos, refugio de maleantes y corruptos.La autonom\u00eda es reconocimiento y privilegio; imprescindible apoyarla con un desempe\u00f1o honesto y capaz, de buenos y comprobables resultados.No hay de otra. La responsabilidad debe asumirse; y la oportunidad debe aprovecharse. No rehuir, ni [&hellip;]<\/p>\n","protected":false},"author":2,"featured_media":0,"comment_status":"open","ping_status":"open","sticky":false,"template":"","format":"standard","meta":{"_jetpack_newsletter_access":"","_jetpack_dont_email_post_to_subs":false,"_jetpack_newsletter_tier_id":0,"_jetpack_memberships_contains_paywalled_content":false,"_jetpack_memberships_contains_paid_content":false,"footnotes":""},"categories":[70],"tags":[26521,6748,5453,219],"class_list":["post-68946","post","type-post","status-publish","format-standard","hentry","category-de-opinion","tag-cartel-burocratico","tag-crisis-economica","tag-educacion-superior","tag-universidad-veracruzana"],"jetpack_featured_media_url":"","jetpack_sharing_enabled":true,"jetpack_shortlink":"https:\/\/wp.me\/p4Qcd3-hW2","_links":{"self":[{"href":"https:\/\/lospoliticosveracruz.com.mx\/index.php?rest_route=\/wp\/v2\/posts\/68946","targetHints":{"allow":["GET"]}}],"collection":[{"href":"https:\/\/lospoliticosveracruz.com.mx\/index.php?rest_route=\/wp\/v2\/posts"}],"about":[{"href":"https:\/\/lospoliticosveracruz.com.mx\/index.php?rest_route=\/wp\/v2\/types\/post"}],"author":[{"embeddable":true,"href":"https:\/\/lospoliticosveracruz.com.mx\/index.php?rest_route=\/wp\/v2\/users\/2"}],"replies":[{"embeddable":true,"href":"https:\/\/lospoliticosveracruz.com.mx\/index.php?rest_route=%2Fwp%2Fv2%2Fcomments&post=68946"}],"version-history":[{"count":2,"href":"https:\/\/lospoliticosveracruz.com.mx\/index.php?rest_route=\/wp\/v2\/posts\/68946\/revisions"}],"predecessor-version":[{"id":68948,"href":"https:\/\/lospoliticosveracruz.com.mx\/index.php?rest_route=\/wp\/v2\/posts\/68946\/revisions\/68948"}],"wp:attachment":[{"href":"https:\/\/lospoliticosveracruz.com.mx\/index.php?rest_route=%2Fwp%2Fv2%2Fmedia&parent=68946"}],"wp:term":[{"taxonomy":"category","embeddable":true,"href":"https:\/\/lospoliticosveracruz.com.mx\/index.php?rest_route=%2Fwp%2Fv2%2Fcategories&post=68946"},{"taxonomy":"post_tag","embeddable":true,"href":"https:\/\/lospoliticosveracruz.com.mx\/index.php?rest_route=%2Fwp%2Fv2%2Ftags&post=68946"}],"curies":[{"name":"wp","href":"https:\/\/api.w.org\/{rel}","templated":true}]}}