{"id":68989,"date":"2021-03-03T09:15:30","date_gmt":"2021-03-03T15:15:30","guid":{"rendered":"http:\/\/www.lospoliticosveracruz.com.mx\/?p=68989"},"modified":"2021-03-03T09:15:33","modified_gmt":"2021-03-03T15:15:33","slug":"tarzan-boy-sin-palabra","status":"publish","type":"post","link":"https:\/\/lospoliticosveracruz.com.mx\/?p=68989","title":{"rendered":"Tarzan Boy, sin palabra!"},"content":{"rendered":"\n<p><strong>Xalapa<\/strong><\/p>\n\n\n\n<p><br>La ma\u00f1ana de este mi\u00e9rcoles, integrantes del Secretario general del sindicato Innovador Magisterial Veracruzano (SIMVE) tomaron las instalaciones de la Secretaria de Educaci\u00f3n (SEV), para exigir se cumpla con los acuerdos como cambios de adscripciones, adem\u00e1s de que se les otorgue recursos para que el personal homologado pueda ser recategorizado.<br>El l\u00edder magisterial Gerardo Vel\u00e1zquez, dijo que hay inconformidad en la base magisterial por el incumplimiento de los acuerdos.<br>\u00abHay inconformidad en la base magisterial por la falta de los acuerdos con el Secretario de Educaci\u00f3n, debido a que ten\u00edamos dos reuniones en el 2020 y en dicha reuni\u00f3n se abordaron temas delicados como cambios de adscripciones y que est\u00e9n m\u00e1s cerca de sus familias\u00bb.<br>En entrevista, Gerardo Vel\u00e1zquez explic\u00f3 que se trata de derechos ganados.<br>\u00abA\u00f1o con a\u00f1o se acuerda que es un derecho del trabajador que pueda solicitar el cambio de adscripci\u00f3n para que puedan quedar m\u00e1s cerca a su lugar de origen y eso no se ha atendido este a\u00f1o\u00bb.<br>De ah\u00ed que lanz\u00f3 un llamado al secretario de Educaci\u00f3n Roberto Zenyazen Escobar Garc\u00eda para que atienda los temas pendientes en la agenda.<\/p>\n","protected":false},"excerpt":{"rendered":"<p>Xalapa La ma\u00f1ana de este mi\u00e9rcoles, integrantes del Secretario general del sindicato Innovador Magisterial Veracruzano (SIMVE) tomaron las instalaciones de la Secretaria de Educaci\u00f3n (SEV), para exigir se cumpla con los acuerdos como cambios de adscripciones, adem\u00e1s de que se les otorgue recursos para que el personal homologado pueda ser recategorizado.El l\u00edder magisterial Gerardo Vel\u00e1zquez, [&hellip;]<\/p>\n","protected":false},"author":2,"featured_media":0,"comment_status":"open","ping_status":"open","sticky":false,"template":"","format":"standard","meta":{"_jetpack_newsletter_access":"","_jetpack_dont_email_post_to_subs":false,"_jetpack_newsletter_tier_id":0,"_jetpack_memberships_contains_paywalled_content":false,"_jetpack_memberships_contains_paid_content":false,"footnotes":""},"categories":[6446],"tags":[26542,88,26539,26541],"class_list":["post-68989","post","type-post","status-publish","format-standard","hentry","category-la-nota","tag-incumplimiento-de-los-acuerdo","tag-sev","tag-simve","tag-toma-de-instalaciones"],"jetpack_featured_media_url":"","jetpack_sharing_enabled":true,"jetpack_shortlink":"https:\/\/wp.me\/p4Qcd3-hWJ","_links":{"self":[{"href":"https:\/\/lospoliticosveracruz.com.mx\/index.php?rest_route=\/wp\/v2\/posts\/68989","targetHints":{"allow":["GET"]}}],"collection":[{"href":"https:\/\/lospoliticosveracruz.com.mx\/index.php?rest_route=\/wp\/v2\/posts"}],"about":[{"href":"https:\/\/lospoliticosveracruz.com.mx\/index.php?rest_route=\/wp\/v2\/types\/post"}],"author":[{"embeddable":true,"href":"https:\/\/lospoliticosveracruz.com.mx\/index.php?rest_route=\/wp\/v2\/users\/2"}],"replies":[{"embeddable":true,"href":"https:\/\/lospoliticosveracruz.com.mx\/index.php?rest_route=%2Fwp%2Fv2%2Fcomments&post=68989"}],"version-history":[{"count":1,"href":"https:\/\/lospoliticosveracruz.com.mx\/index.php?rest_route=\/wp\/v2\/posts\/68989\/revisions"}],"predecessor-version":[{"id":68991,"href":"https:\/\/lospoliticosveracruz.com.mx\/index.php?rest_route=\/wp\/v2\/posts\/68989\/revisions\/68991"}],"wp:attachment":[{"href":"https:\/\/lospoliticosveracruz.com.mx\/index.php?rest_route=%2Fwp%2Fv2%2Fmedia&parent=68989"}],"wp:term":[{"taxonomy":"category","embeddable":true,"href":"https:\/\/lospoliticosveracruz.com.mx\/index.php?rest_route=%2Fwp%2Fv2%2Fcategories&post=68989"},{"taxonomy":"post_tag","embeddable":true,"href":"https:\/\/lospoliticosveracruz.com.mx\/index.php?rest_route=%2Fwp%2Fv2%2Ftags&post=68989"}],"curies":[{"name":"wp","href":"https:\/\/api.w.org\/{rel}","templated":true}]}}