{"id":69045,"date":"2021-03-04T19:05:44","date_gmt":"2021-03-05T01:05:44","guid":{"rendered":"http:\/\/www.lospoliticosveracruz.com.mx\/?p=69045"},"modified":"2021-03-04T19:05:48","modified_gmt":"2021-03-05T01:05:48","slug":"desempleo-e-inseguridad-cocos-de-xalapa","status":"publish","type":"post","link":"https:\/\/lospoliticosveracruz.com.mx\/?p=69045","title":{"rendered":"Desempleo e inseguridad, cocos de Xalapa"},"content":{"rendered":"\n<p><strong>Xalapa<\/strong><\/p>\n\n\n\n<p><br>La pandemia por el COVID-19 ha generado una severa crisis, el aumento de carencias, desempleo e inseguridad en Xalapa, por lo que urge una estrategia y un plan de trabajo coordinado entre autoridades e iniciativa privada, as\u00ed lo consider\u00f3 el empresario capitalino David Velasco Chedraui.<br>\u201cHay colonias de Xalapa en donde la gente est\u00e1 viviendo en extrema pobreza, como El Naranjal, El Moral, la 21 de marzo, Culturas mexicanas y muchas otras en donde existen much\u00edsimas necesidades y problemas\u201d, coment\u00f3.<br>Dijo que por la experiencia que posee en el servicio p\u00fablico y en la iniciativa privada, ha insistido en la importancia de una estrategia adecuada para detonar el desarrollo econ\u00f3mico y generar empleos, porque los negocios siguen cerrando, provocando esta ola de desempleo.<\/p>\n\n\n\n<p>\u201cMe he encontrado con mucha gente que busca un espacio de trabajo. Licenciado David, deme chamba de lo que sea, no me importa, porque necesito llevar algo de dinero a mi casa, me dicen. Esto se est\u00e1 agravando y urgen las medidas adecuadas para contener esta problem\u00e1tica social\u201d.<\/p>\n\n\n\n<p>David Velasco Chedraui insisti\u00f3 en que s\u00f3lo con el esfuerzo de todos los xalape\u00f1os se podr\u00e1 salir adelante de esta crisis sanitaria y econ\u00f3mica que se vive en la ciudad. \u201cNo debemos confiarnos. La pandemia a\u00fan no termina. Debemos seguir manteniendo las precauciones y adaptarnos a la nueva normalidad con creatividad, para ayudar a quienes m\u00e1s lo necesitan\u201d, concluy\u00f3.<\/p>\n","protected":false},"excerpt":{"rendered":"<p>Xalapa La pandemia por el COVID-19 ha generado una severa crisis, el aumento de carencias, desempleo e inseguridad en Xalapa, por lo que urge una estrategia y un plan de trabajo coordinado entre autoridades e iniciativa privada, as\u00ed lo consider\u00f3 el empresario capitalino David Velasco Chedraui.\u201cHay colonias de Xalapa en donde la gente est\u00e1 viviendo [&hellip;]<\/p>\n","protected":false},"author":2,"featured_media":0,"comment_status":"open","ping_status":"open","sticky":false,"template":"","format":"standard","meta":{"_jetpack_newsletter_access":"","_jetpack_dont_email_post_to_subs":false,"_jetpack_newsletter_tier_id":0,"_jetpack_memberships_contains_paywalled_content":false,"_jetpack_memberships_contains_paid_content":false,"footnotes":""},"categories":[6446],"tags":[17829,7037],"class_list":["post-69045","post","type-post","status-publish","format-standard","hentry","category-la-nota","tag-covid","tag-desempleo"],"jetpack_featured_media_url":"","jetpack_sharing_enabled":true,"jetpack_shortlink":"https:\/\/wp.me\/p4Qcd3-hXD","_links":{"self":[{"href":"https:\/\/lospoliticosveracruz.com.mx\/index.php?rest_route=\/wp\/v2\/posts\/69045","targetHints":{"allow":["GET"]}}],"collection":[{"href":"https:\/\/lospoliticosveracruz.com.mx\/index.php?rest_route=\/wp\/v2\/posts"}],"about":[{"href":"https:\/\/lospoliticosveracruz.com.mx\/index.php?rest_route=\/wp\/v2\/types\/post"}],"author":[{"embeddable":true,"href":"https:\/\/lospoliticosveracruz.com.mx\/index.php?rest_route=\/wp\/v2\/users\/2"}],"replies":[{"embeddable":true,"href":"https:\/\/lospoliticosveracruz.com.mx\/index.php?rest_route=%2Fwp%2Fv2%2Fcomments&post=69045"}],"version-history":[{"count":1,"href":"https:\/\/lospoliticosveracruz.com.mx\/index.php?rest_route=\/wp\/v2\/posts\/69045\/revisions"}],"predecessor-version":[{"id":69047,"href":"https:\/\/lospoliticosveracruz.com.mx\/index.php?rest_route=\/wp\/v2\/posts\/69045\/revisions\/69047"}],"wp:attachment":[{"href":"https:\/\/lospoliticosveracruz.com.mx\/index.php?rest_route=%2Fwp%2Fv2%2Fmedia&parent=69045"}],"wp:term":[{"taxonomy":"category","embeddable":true,"href":"https:\/\/lospoliticosveracruz.com.mx\/index.php?rest_route=%2Fwp%2Fv2%2Fcategories&post=69045"},{"taxonomy":"post_tag","embeddable":true,"href":"https:\/\/lospoliticosveracruz.com.mx\/index.php?rest_route=%2Fwp%2Fv2%2Ftags&post=69045"}],"curies":[{"name":"wp","href":"https:\/\/api.w.org\/{rel}","templated":true}]}}