{"id":69058,"date":"2021-03-05T07:44:18","date_gmt":"2021-03-05T13:44:18","guid":{"rendered":"http:\/\/www.lospoliticosveracruz.com.mx\/?p=69058"},"modified":"2021-03-05T07:44:41","modified_gmt":"2021-03-05T13:44:41","slug":"lety-hara-el-mercado-san-roman","status":"publish","type":"post","link":"https:\/\/lospoliticosveracruz.com.mx\/?p=69058","title":{"rendered":"Lety har\u00e1 el mercado San Rom\u00e1n!"},"content":{"rendered":"\n<p><strong>C\u00f3rdoba<\/strong><\/p>\n\n\n\n<p><br>El Ayuntamiento de C\u00f3rdoba construir\u00e1 un mercado p\u00fablico en la unidad habitacional San Rom\u00e1n con el objetivo de fortalecer la econom\u00eda local y las capacidades comerciales del municipio.<br>En asamblea informativa con las y los vecinos de San Rom\u00e1n, la presidenta Leticia L\u00f3pez Landero se\u00f1al\u00f3 que este nuevo zoco contar\u00e1 con 48 locales comerciales de 2.5 por 2.5 metros, adem\u00e1s de un \u00e1rea de usos m\u00faltiples con mesas para exposiciones, comidas y asambleas.<br>La Mun\u00edcipe anticip\u00f3 que ser\u00e1 un espacio inclusivo que contar\u00e1 con rampas y escalones en los diferentes accesos adem\u00e1s de \u00e1reas verdes para hacerlo amigable con el medio ambiente. Dijo que se ubicado sobre la avenida San Francisco, esquina con Privada de Los \u00c1lamos.<br>Mar\u00eda Norma Lira Montes de Oca, vecina de San Rom\u00e1n, se\u00f1al\u00f3 que el proyecto es muy bueno para la zona pues permitir\u00e1 el crecimiento econ\u00f3mico no solo de esta unidad habitacional sino de colonias circunvecinas.<br>Durante el di\u00e1logo, Juana Flores Castillo, tambi\u00e9n vecina de San Rom\u00e1n, precis\u00f3 que esta obra permitir\u00e1 un gran desarrollo econ\u00f3mico y social para esta unidad, adem\u00e1s de que permitir\u00eda un cambio de imagen en la zona.<br>El director de obras p\u00fablicas, Antonio Morales Salinas, adelant\u00f3 que la construcci\u00f3n de la obra tendr\u00e1 una duraci\u00f3n de seis meses y se realizar\u00e1 la licitaci\u00f3n para definir la empresa constructora que ejecutar\u00e1 el proyecto.<br>Expuso que el Ayuntamiento de C\u00f3rdoba invertir\u00e1 m\u00e1s de 14.6 millones de pesos provenientes del Fondo de Aportaciones para la Infraestructura Social Municipal (FISM) y cuenta con la aprobaci\u00f3n de las y los integrantes del Cabildo.<\/p>\n\n\n\n<p>Ante jefes de manzana y vecinos, la Presidenta Municipal enfatiz\u00f3 que ante el crecimiento poblacional que ha registrado la zona de San Rom\u00e1n y la Reserva Territorial es necesario contar con la infraestructura comercial adecuada que permita a la ciudadan\u00eda acceder a insumos diarios sin gastos extras.<br>Apunt\u00f3 que a partir de estas asambleas su gobierno promueve la transparencia y legalidad en la ampliaci\u00f3n de los recursos p\u00fablicos que llegan al municipio.<\/p>\n","protected":false},"excerpt":{"rendered":"<p>C\u00f3rdoba El Ayuntamiento de C\u00f3rdoba construir\u00e1 un mercado p\u00fablico en la unidad habitacional San Rom\u00e1n con el objetivo de fortalecer la econom\u00eda local y las capacidades comerciales del municipio.En asamblea informativa con las y los vecinos de San Rom\u00e1n, la presidenta Leticia L\u00f3pez Landero se\u00f1al\u00f3 que este nuevo zoco contar\u00e1 con 48 locales comerciales de [&hellip;]<\/p>\n","protected":false},"author":2,"featured_media":0,"comment_status":"open","ping_status":"open","sticky":false,"template":"","format":"standard","meta":{"_jetpack_newsletter_access":"","_jetpack_dont_email_post_to_subs":false,"_jetpack_newsletter_tier_id":0,"_jetpack_memberships_contains_paywalled_content":false,"_jetpack_memberships_contains_paid_content":false,"footnotes":""},"categories":[73],"tags":[22114,7641,26570,26569,3771],"class_list":["post-69058","post","type-post","status-publish","format-standard","hentry","category-de-boleto","tag-economia-local","tag-leticia-lopez-landero","tag-locales-comerciales","tag-nuevo-zoco","tag-obras-publicas"],"jetpack_featured_media_url":"","jetpack_sharing_enabled":true,"jetpack_shortlink":"https:\/\/wp.me\/p4Qcd3-hXQ","_links":{"self":[{"href":"https:\/\/lospoliticosveracruz.com.mx\/index.php?rest_route=\/wp\/v2\/posts\/69058","targetHints":{"allow":["GET"]}}],"collection":[{"href":"https:\/\/lospoliticosveracruz.com.mx\/index.php?rest_route=\/wp\/v2\/posts"}],"about":[{"href":"https:\/\/lospoliticosveracruz.com.mx\/index.php?rest_route=\/wp\/v2\/types\/post"}],"author":[{"embeddable":true,"href":"https:\/\/lospoliticosveracruz.com.mx\/index.php?rest_route=\/wp\/v2\/users\/2"}],"replies":[{"embeddable":true,"href":"https:\/\/lospoliticosveracruz.com.mx\/index.php?rest_route=%2Fwp%2Fv2%2Fcomments&post=69058"}],"version-history":[{"count":1,"href":"https:\/\/lospoliticosveracruz.com.mx\/index.php?rest_route=\/wp\/v2\/posts\/69058\/revisions"}],"predecessor-version":[{"id":69059,"href":"https:\/\/lospoliticosveracruz.com.mx\/index.php?rest_route=\/wp\/v2\/posts\/69058\/revisions\/69059"}],"wp:attachment":[{"href":"https:\/\/lospoliticosveracruz.com.mx\/index.php?rest_route=%2Fwp%2Fv2%2Fmedia&parent=69058"}],"wp:term":[{"taxonomy":"category","embeddable":true,"href":"https:\/\/lospoliticosveracruz.com.mx\/index.php?rest_route=%2Fwp%2Fv2%2Fcategories&post=69058"},{"taxonomy":"post_tag","embeddable":true,"href":"https:\/\/lospoliticosveracruz.com.mx\/index.php?rest_route=%2Fwp%2Fv2%2Ftags&post=69058"}],"curies":[{"name":"wp","href":"https:\/\/api.w.org\/{rel}","templated":true}]}}