{"id":69084,"date":"2021-03-05T12:16:43","date_gmt":"2021-03-05T18:16:43","guid":{"rendered":"http:\/\/www.lospoliticosveracruz.com.mx\/?p=69084"},"modified":"2021-03-05T12:16:49","modified_gmt":"2021-03-05T18:16:49","slug":"el-martes-deciden-suerte-de-chofi","status":"publish","type":"post","link":"https:\/\/lospoliticosveracruz.com.mx\/?p=69084","title":{"rendered":"El martes deciden suerte de Chofi"},"content":{"rendered":"\n<p><\/p>\n\n\n\n<p><\/p>\n\n\n\n<p><strong>Xalapa<\/strong><br>El presidente de la comisi\u00f3n instructora del congreso local, el diputado Victor Vargas Barrientos, inform\u00f3 que este martes se dictaminar\u00e1 si procede o no el desafuero de la magistrada Sof\u00eda Martinez Huerta, a quien un juez la acusa de usurpaci\u00f3n de funciones.<br>\u00abSi fuera a favor, en una sesi\u00f3n extraordinaria se tendr\u00eda que subir al pleno para que sea votado por el pleno del congreso local\u00bb.<br>Este pasado jueves se desarroll\u00f3 la audiencia entre la parte demandante con la acusada \u00abahora la comisi\u00f3n tendr\u00e1 que evaluar cada una de las pruebas que se presentaron ambas partes para que el martes a m\u00e1s tardar podamos dictaminar ya sea a favor o en contra del juicio\u00bb, dijo Vargas Barrientos.<br>En ese sentido, se neg\u00f3 a adelantar si hay condiciones para proceder a favor de la magistrada Sof\u00eda Martinez Huerta.<br>\u00abNo quisiera dar una opini\u00f3n irresponsable, creo que hay que analizar a profundidad porque las dos partes presentan pruebas y fundamentan, por eso habr\u00eda que realizar un an\u00e1lisis para saber si hay esa culpabilidad\u00bb.<br>La solicitud de juicio de desafuero en contra fue presentada por el juez de primera instancia de Ozuluama, Jos\u00e9 Clemente Zorrilla destituido por la magistrada Sof\u00eda Mart\u00ednez Huerta sin autorizaci\u00f3n del consejo de la judicatura.<\/p>\n","protected":false},"excerpt":{"rendered":"<p>XalapaEl presidente de la comisi\u00f3n instructora del congreso local, el diputado Victor Vargas Barrientos, inform\u00f3 que este martes se dictaminar\u00e1 si procede o no el desafuero de la magistrada Sof\u00eda Martinez Huerta, a quien un juez la acusa de usurpaci\u00f3n de funciones.\u00abSi fuera a favor, en una sesi\u00f3n extraordinaria se tendr\u00eda que subir al pleno [&hellip;]<\/p>\n","protected":false},"author":2,"featured_media":0,"comment_status":"open","ping_status":"open","sticky":false,"template":"","format":"standard","meta":{"_jetpack_newsletter_access":"","_jetpack_dont_email_post_to_subs":false,"_jetpack_newsletter_tier_id":0,"_jetpack_memberships_contains_paywalled_content":false,"_jetpack_memberships_contains_paid_content":false,"footnotes":""},"categories":[6446],"tags":[23319,8858,26585,26584],"class_list":["post-69084","post","type-post","status-publish","format-standard","hentry","category-la-nota","tag-jose-clemente-zorrilla","tag-ozuluama","tag-sesion-extraordinaria","tag-sofia-martinez-huerta-2"],"jetpack_featured_media_url":"","jetpack_sharing_enabled":true,"jetpack_shortlink":"https:\/\/wp.me\/p4Qcd3-hYg","_links":{"self":[{"href":"https:\/\/lospoliticosveracruz.com.mx\/index.php?rest_route=\/wp\/v2\/posts\/69084","targetHints":{"allow":["GET"]}}],"collection":[{"href":"https:\/\/lospoliticosveracruz.com.mx\/index.php?rest_route=\/wp\/v2\/posts"}],"about":[{"href":"https:\/\/lospoliticosveracruz.com.mx\/index.php?rest_route=\/wp\/v2\/types\/post"}],"author":[{"embeddable":true,"href":"https:\/\/lospoliticosveracruz.com.mx\/index.php?rest_route=\/wp\/v2\/users\/2"}],"replies":[{"embeddable":true,"href":"https:\/\/lospoliticosveracruz.com.mx\/index.php?rest_route=%2Fwp%2Fv2%2Fcomments&post=69084"}],"version-history":[{"count":1,"href":"https:\/\/lospoliticosveracruz.com.mx\/index.php?rest_route=\/wp\/v2\/posts\/69084\/revisions"}],"predecessor-version":[{"id":69086,"href":"https:\/\/lospoliticosveracruz.com.mx\/index.php?rest_route=\/wp\/v2\/posts\/69084\/revisions\/69086"}],"wp:attachment":[{"href":"https:\/\/lospoliticosveracruz.com.mx\/index.php?rest_route=%2Fwp%2Fv2%2Fmedia&parent=69084"}],"wp:term":[{"taxonomy":"category","embeddable":true,"href":"https:\/\/lospoliticosveracruz.com.mx\/index.php?rest_route=%2Fwp%2Fv2%2Fcategories&post=69084"},{"taxonomy":"post_tag","embeddable":true,"href":"https:\/\/lospoliticosveracruz.com.mx\/index.php?rest_route=%2Fwp%2Fv2%2Ftags&post=69084"}],"curies":[{"name":"wp","href":"https:\/\/api.w.org\/{rel}","templated":true}]}}