{"id":69240,"date":"2021-03-10T12:22:38","date_gmt":"2021-03-10T18:22:38","guid":{"rendered":"http:\/\/www.lospoliticosveracruz.com.mx\/?p=69240"},"modified":"2021-03-10T12:22:43","modified_gmt":"2021-03-10T18:22:43","slug":"vacunas-para-todos-cuic","status":"publish","type":"post","link":"https:\/\/lospoliticosveracruz.com.mx\/?p=69240","title":{"rendered":"Vacunas para todos!: Cuic"},"content":{"rendered":"\n<p><strong>Xalapa<\/strong><br>El gobernador Cuitl\u00e1huac Garc\u00eda Jim\u00e9nez asegur\u00f3 \u00abque hay vacunas contra el coronavirus para todos\u00bb en el programa para adultos mayores.<br>Adem\u00e1s anunci\u00f3 que la pr\u00f3xima ciudad podr\u00eda ser Xalapa a adultos mayores de Xalapa.<br>Lo que si pidi\u00f3 el gobernador Cuitl\u00e1huac Garc\u00eda Jim\u00e9nez fue paciencia para la segunda dosis.<br>En conferencia de prensa, el mandatario estatal dej\u00f3 en claro \u00abque no se va a quedar nadie sin vacunar en ning\u00fan lado del estado ni del pa\u00eds\u00bb.<br>El gobernador Cuitl\u00e1huac Garc\u00eda Jim\u00e9nez, precis\u00f3 que en la fase para adultos mayores ya se contempla otras ciudades como Xalapa.<br>\u00abTodav\u00eda no est\u00e1n las vacunas, pero ya nos anunciaron que vendr\u00e1 un lote grande, con los mismos criterios t\u00e9cnico y de log\u00edsticos, es que Xalapa podr\u00eda ser la pr\u00f3xima\u00bb.<br>En el primer d\u00eda en el puerto de Veracruz se vacunaron m\u00e1s de 11 mil adultos mayores.<\/p>\n","protected":false},"excerpt":{"rendered":"<p>XalapaEl gobernador Cuitl\u00e1huac Garc\u00eda Jim\u00e9nez asegur\u00f3 \u00abque hay vacunas contra el coronavirus para todos\u00bb en el programa para adultos mayores.Adem\u00e1s anunci\u00f3 que la pr\u00f3xima ciudad podr\u00eda ser Xalapa a adultos mayores de Xalapa.Lo que si pidi\u00f3 el gobernador Cuitl\u00e1huac Garc\u00eda Jim\u00e9nez fue paciencia para la segunda dosis.En conferencia de prensa, el mandatario estatal dej\u00f3 en [&hellip;]<\/p>\n","protected":false},"author":2,"featured_media":0,"comment_status":"open","ping_status":"open","sticky":false,"template":"","format":"standard","meta":{"_jetpack_newsletter_access":"","_jetpack_dont_email_post_to_subs":false,"_jetpack_newsletter_tier_id":0,"_jetpack_memberships_contains_paywalled_content":false,"_jetpack_memberships_contains_paid_content":false,"footnotes":""},"categories":[6446],"tags":[3237,6582],"class_list":["post-69240","post","type-post","status-publish","format-standard","hentry","category-la-nota","tag-adultos-mayores","tag-vacunas"],"jetpack_featured_media_url":"","jetpack_sharing_enabled":true,"jetpack_shortlink":"https:\/\/wp.me\/p4Qcd3-i0M","_links":{"self":[{"href":"https:\/\/lospoliticosveracruz.com.mx\/index.php?rest_route=\/wp\/v2\/posts\/69240","targetHints":{"allow":["GET"]}}],"collection":[{"href":"https:\/\/lospoliticosveracruz.com.mx\/index.php?rest_route=\/wp\/v2\/posts"}],"about":[{"href":"https:\/\/lospoliticosveracruz.com.mx\/index.php?rest_route=\/wp\/v2\/types\/post"}],"author":[{"embeddable":true,"href":"https:\/\/lospoliticosveracruz.com.mx\/index.php?rest_route=\/wp\/v2\/users\/2"}],"replies":[{"embeddable":true,"href":"https:\/\/lospoliticosveracruz.com.mx\/index.php?rest_route=%2Fwp%2Fv2%2Fcomments&post=69240"}],"version-history":[{"count":1,"href":"https:\/\/lospoliticosveracruz.com.mx\/index.php?rest_route=\/wp\/v2\/posts\/69240\/revisions"}],"predecessor-version":[{"id":69242,"href":"https:\/\/lospoliticosveracruz.com.mx\/index.php?rest_route=\/wp\/v2\/posts\/69240\/revisions\/69242"}],"wp:attachment":[{"href":"https:\/\/lospoliticosveracruz.com.mx\/index.php?rest_route=%2Fwp%2Fv2%2Fmedia&parent=69240"}],"wp:term":[{"taxonomy":"category","embeddable":true,"href":"https:\/\/lospoliticosveracruz.com.mx\/index.php?rest_route=%2Fwp%2Fv2%2Fcategories&post=69240"},{"taxonomy":"post_tag","embeddable":true,"href":"https:\/\/lospoliticosveracruz.com.mx\/index.php?rest_route=%2Fwp%2Fv2%2Ftags&post=69240"}],"curies":[{"name":"wp","href":"https:\/\/api.w.org\/{rel}","templated":true}]}}