{"id":69260,"date":"2021-03-10T17:10:38","date_gmt":"2021-03-10T23:10:38","guid":{"rendered":"http:\/\/www.lospoliticosveracruz.com.mx\/?p=69260"},"modified":"2021-03-10T17:10:42","modified_gmt":"2021-03-10T23:10:42","slug":"aspirantes-complementan-documentacion","status":"publish","type":"post","link":"https:\/\/lospoliticosveracruz.com.mx\/?p=69260","title":{"rendered":"Aspirantes complementan documentaci\u00f3n"},"content":{"rendered":"\n<p><strong>Xalapa<\/strong><br>De acuerdo a lo que marca la Convocatoria para la Selecci\u00f3n y Postulaci\u00f3n de Candidaturas a Presidencias Municipales Propietarios por el PRI Veracruz, se desarroll\u00f3 sin contratiempos, la jornada de complementaci\u00f3n de documentos de los aspirantes que contin\u00faan el proceso, ante los \u00f3rganos auxiliares de la Comisi\u00f3n Estatal de Procesos Internos.<br>Quienes obtuvieron predictamen procedente como aspirantes \u00fanicos, y acreditaron el examen aplicado en la fase previa por el Instituto de Formaci\u00f3n Pol\u00edtica Reyes Heroles, entregaron este mi\u00e9rcoles su solicitud de registro como precandidatos, el plan de trabajo, as\u00ed como los documentos de adhesiones de sectores, organizaciones, seccionales, consejeros o afiliados, dependiendo la modalidad que se elija.<br>La Comisi\u00f3n Estatal de Procesos Internos, presidida por Ra\u00fal Ramos Vicarte, instal\u00f3 ocho \u00f3rganos auxiliares en tres sedes: Xalapa, Tantoyuca y Coatzacoalcos, con el objetivo de facilitar la entrega de documentos a los aspirantes,<br>La Comisi\u00f3n tendr\u00e1 72 horas para emitir dictamen que los acredite como precandidatos, y estos ser\u00e1n publicados en estrados f\u00edsicos y digitales en: www.priveracruz.<br>Del 15 al 24 de marzo, la Comisi\u00f3n Estatal de Postulaci\u00f3n de Candidaturas, deber\u00e1 concluir los trabajos de ponderaci\u00f3n, emitiendo los respectivos acuerdos de postulaci\u00f3n.<br>Posteriormente, la Comisi\u00f3n Estatal de Procesos Internos, har\u00e1 la declaratoria de validez del proceso interno, y expedir\u00e1 las constancias de candidaturas a quienes obtengan acuerdo de postulaci\u00f3n, para que puedan registrarse ante el Organismo P\u00fablico Local Electoral (OPLE).<\/p>\n","protected":false},"excerpt":{"rendered":"<p>XalapaDe acuerdo a lo que marca la Convocatoria para la Selecci\u00f3n y Postulaci\u00f3n de Candidaturas a Presidencias Municipales Propietarios por el PRI Veracruz, se desarroll\u00f3 sin contratiempos, la jornada de complementaci\u00f3n de documentos de los aspirantes que contin\u00faan el proceso, ante los \u00f3rganos auxiliares de la Comisi\u00f3n Estatal de Procesos Internos.Quienes obtuvieron predictamen procedente como [&hellip;]<\/p>\n","protected":false},"author":2,"featured_media":0,"comment_status":"open","ping_status":"open","sticky":false,"template":"","format":"standard","meta":{"_jetpack_newsletter_access":"","_jetpack_dont_email_post_to_subs":false,"_jetpack_newsletter_tier_id":0,"_jetpack_memberships_contains_paywalled_content":false,"_jetpack_memberships_contains_paid_content":false,"footnotes":""},"categories":[73],"tags":[1122,3272,251,23056,1630],"class_list":["post-69260","post","type-post","status-publish","format-standard","hentry","category-de-boleto","tag-candidaturas","tag-ople","tag-pri","tag-proceso-interno","tag-raul-ramos-vicarte"],"jetpack_featured_media_url":"","jetpack_sharing_enabled":true,"jetpack_shortlink":"https:\/\/wp.me\/p4Qcd3-i16","_links":{"self":[{"href":"https:\/\/lospoliticosveracruz.com.mx\/index.php?rest_route=\/wp\/v2\/posts\/69260","targetHints":{"allow":["GET"]}}],"collection":[{"href":"https:\/\/lospoliticosveracruz.com.mx\/index.php?rest_route=\/wp\/v2\/posts"}],"about":[{"href":"https:\/\/lospoliticosveracruz.com.mx\/index.php?rest_route=\/wp\/v2\/types\/post"}],"author":[{"embeddable":true,"href":"https:\/\/lospoliticosveracruz.com.mx\/index.php?rest_route=\/wp\/v2\/users\/2"}],"replies":[{"embeddable":true,"href":"https:\/\/lospoliticosveracruz.com.mx\/index.php?rest_route=%2Fwp%2Fv2%2Fcomments&post=69260"}],"version-history":[{"count":1,"href":"https:\/\/lospoliticosveracruz.com.mx\/index.php?rest_route=\/wp\/v2\/posts\/69260\/revisions"}],"predecessor-version":[{"id":69262,"href":"https:\/\/lospoliticosveracruz.com.mx\/index.php?rest_route=\/wp\/v2\/posts\/69260\/revisions\/69262"}],"wp:attachment":[{"href":"https:\/\/lospoliticosveracruz.com.mx\/index.php?rest_route=%2Fwp%2Fv2%2Fmedia&parent=69260"}],"wp:term":[{"taxonomy":"category","embeddable":true,"href":"https:\/\/lospoliticosveracruz.com.mx\/index.php?rest_route=%2Fwp%2Fv2%2Fcategories&post=69260"},{"taxonomy":"post_tag","embeddable":true,"href":"https:\/\/lospoliticosveracruz.com.mx\/index.php?rest_route=%2Fwp%2Fv2%2Ftags&post=69260"}],"curies":[{"name":"wp","href":"https:\/\/api.w.org\/{rel}","templated":true}]}}