{"id":69263,"date":"2021-03-10T17:47:52","date_gmt":"2021-03-10T23:47:52","guid":{"rendered":"http:\/\/www.lospoliticosveracruz.com.mx\/?p=69263"},"modified":"2021-03-10T17:47:57","modified_gmt":"2021-03-10T23:47:57","slug":"los-hilos-que-nos-mueven","status":"publish","type":"post","link":"https:\/\/lospoliticosveracruz.com.mx\/?p=69263","title":{"rendered":"Los hilos que nos mueven"},"content":{"rendered":"\n<p><strong>Jorge Arturo Rodr\u00edguez<\/strong><\/p>\n\n\n\n<p><em>Tierra de Babel<\/em><br><br><\/p>\n\n\n\n<p>No soy partidario de partidos. Mis afinidades, gustos, creencias y etc., son varias y variadas \u2013no es lo mismo y da igual. En todo caso, amigo de Plat\u00f3n, pero m\u00e1s amigo de la verdad, m\u00e1s en estos tiempos donde \u00e9sta se encuentra atrapada por la mentira y la simulaci\u00f3n, por la intolerancia y la falta aut\u00e9ntica de querer cambiar las cosas en franco di\u00e1logo para mejorar la situaci\u00f3n del mundo y de cada uno de nosotros que lo habitamos y que con frecuencia nom\u00e1s le echamos la culpa al otro, tapando el ojo al macho, hacernos g\u00fcey, pues. Y ya cuando el problema se acrecienta, pos nadie tiene la culpa: sepa la bola. Nada pasa bajo el cielo azul de M\u00e9xico, salvo el comercial de una marca telef\u00f3nica. Todo M\u00e9xico es\u2026<br>No pasa nada, salvo que el diablo anda aqu\u00ed \u2013\u00bfd\u00f3nde m\u00e1s? Seg\u00fan investigaciones de chuchos en la ciencia de la Universidad de California en San Francisco, \u201cEl Diablo ya est\u00e1 aqu\u00ed\u201d, porque detectaron una variante del covid-19 en el estado m\u00e1s poblado de Estados Unidos. Dicen que \u201cla variante, cuyo surgimiento se estima en mayo de 2020, se ha convertido en la cepa dominante en California y est\u00e1 causando alarma entre los expertos por su peligrosidad. Adem\u00e1s de ser m\u00e1s contagiosa, la variante tambi\u00e9n evade los anticuerpos generados por las vacunas o una infecci\u00f3n previa y est\u00e1 asociada con enfermedades graves y la muerte\u201d. (excelsior.com.mx, 09\/03\/21).<br>No es por fatalismo y mucho menos apocal\u00edptico; lo dicen los cient\u00edficos: \u201cOjal\u00e1 fuera diferente. Pero la ciencia es la ciencia\u00bb, coment\u00f3 el doctor Charles Chiu, quien encabez\u00f3 la investigaci\u00f3n.<br>Arrepi\u00e9ntete, Satan\u00e1s\u2026 Ah, perd\u00f3n, no va as\u00ed, pero supongo que me entendieron. Escribiera Charles Baudelaire: \u201cLa m\u00e1s bella astucia del diablo es convencernos de que no existe\u201d, porque \u201c\u00a1El Diablo es quien sostiene los hilos que nos mueven!\u201d \u00bfSer\u00e1?<br>Porque acu\u00e9rdense que en el infierno el diablo es un h\u00e9roe positivo, dijera S. J. Lec. \u00bfAcaso no estamos en el infierno, Cochiloco?<\/p>\n\n\n\n<p><strong>Los d\u00edas y los temas<\/strong><br>Cioran dec\u00eda: \u201cS\u00e9 que, por alg\u00fan rinc\u00f3n de m\u00ed, hay un diablo que no puede morir\u201d. Locos que estamos, seguramente, dijera mi madre. En entrevista, mi adorable Susana Zabaleta, al pregunt\u00e1rsele qu\u00e9 ha ganado con la pandemia, contest\u00f3: \u201cPaciencia, tolerancia. M\u00e1s amor por la naturaleza, m\u00e1s entendimiento al ser humano, muchas cosas que no me caben aqu\u00ed\u201d. Luego le preguntaron si ha estado al filo de la muerte y respondi\u00f3: \u201cNo todav\u00eda, siento la muerte rondando por todos lados y pido para que todo sea solo una transici\u00f3n y lo veamos en paz\u201d. Y otra pregunta: \u201c\u00bfA qu\u00e9 le temes?\u201d Contest\u00f3, sin m\u00e1s: \u201cA la maldad de los seres humanos. Al asesino que todooooos llevamos dentro. Incluy\u00e9ndome\u201d.<br>As\u00ed, o m\u00e1s clarito. Despu\u00e9s vinieron dos preguntas interesantes: \u201c\u00bfCrees que aprenderemos algo como sociedad, para cuando esto termine?\u201d Zabaleta respondi\u00f3: \u201cPor supuesto si no la naturaleza se har\u00e1 cargo de que lo entendamos por la mala, recuerda la naturaleza no tiene moral\u201d. Finalmente le preguntaron si estaba decepcionada de la 4T. Ella contest\u00f3: \u201cNo s\u00e9 qu\u00e9 decir, me gustar\u00eda que me sorprendieran. Ojal\u00e1 me callen la boca haciendo algo maravilloso de este pa\u00eds, con recursos limpios, dando trabajo y respeto a la gente pobre. No regal\u00e1ndoles dinero sino educaci\u00f3n, salud, etc.\u201d (milenio.com, 10\/03\/21).<br>Clarito como el agua del lavadero.<\/p>\n\n\n\n<p><strong>De cinismo y anexas<\/strong><br>Un d\u00eda el diablo me dijo: \u201cTambi\u00e9n tiene Dios un infierno, y es: su amor a los hombres\u201d. (As\u00ed habl\u00f3 Zaratustra, de Friedrich Nietzsche).<br>Ah\u00ed se ven.<\/p>\n","protected":false},"excerpt":{"rendered":"<p>Jorge Arturo Rodr\u00edguez Tierra de Babel No soy partidario de partidos. Mis afinidades, gustos, creencias y etc., son varias y variadas \u2013no es lo mismo y da igual. En todo caso, amigo de Plat\u00f3n, pero m\u00e1s amigo de la verdad, m\u00e1s en estos tiempos donde \u00e9sta se encuentra atrapada por la mentira y la simulaci\u00f3n, [&hellip;]<\/p>\n","protected":false},"author":2,"featured_media":0,"comment_status":"open","ping_status":"open","sticky":false,"template":"","format":"standard","meta":{"_jetpack_newsletter_access":"","_jetpack_dont_email_post_to_subs":false,"_jetpack_newsletter_tier_id":0,"_jetpack_memberships_contains_paywalled_content":false,"_jetpack_memberships_contains_paid_content":false,"footnotes":""},"categories":[70],"tags":[24975,1289,395,19775],"class_list":["post-69263","post","type-post","status-publish","format-standard","hentry","category-de-opinion","tag-intolerancia","tag-mentira","tag-mexico","tag-simulacion"],"jetpack_featured_media_url":"","jetpack_sharing_enabled":true,"jetpack_shortlink":"https:\/\/wp.me\/p4Qcd3-i19","_links":{"self":[{"href":"https:\/\/lospoliticosveracruz.com.mx\/index.php?rest_route=\/wp\/v2\/posts\/69263","targetHints":{"allow":["GET"]}}],"collection":[{"href":"https:\/\/lospoliticosveracruz.com.mx\/index.php?rest_route=\/wp\/v2\/posts"}],"about":[{"href":"https:\/\/lospoliticosveracruz.com.mx\/index.php?rest_route=\/wp\/v2\/types\/post"}],"author":[{"embeddable":true,"href":"https:\/\/lospoliticosveracruz.com.mx\/index.php?rest_route=\/wp\/v2\/users\/2"}],"replies":[{"embeddable":true,"href":"https:\/\/lospoliticosveracruz.com.mx\/index.php?rest_route=%2Fwp%2Fv2%2Fcomments&post=69263"}],"version-history":[{"count":1,"href":"https:\/\/lospoliticosveracruz.com.mx\/index.php?rest_route=\/wp\/v2\/posts\/69263\/revisions"}],"predecessor-version":[{"id":69265,"href":"https:\/\/lospoliticosveracruz.com.mx\/index.php?rest_route=\/wp\/v2\/posts\/69263\/revisions\/69265"}],"wp:attachment":[{"href":"https:\/\/lospoliticosveracruz.com.mx\/index.php?rest_route=%2Fwp%2Fv2%2Fmedia&parent=69263"}],"wp:term":[{"taxonomy":"category","embeddable":true,"href":"https:\/\/lospoliticosveracruz.com.mx\/index.php?rest_route=%2Fwp%2Fv2%2Fcategories&post=69263"},{"taxonomy":"post_tag","embeddable":true,"href":"https:\/\/lospoliticosveracruz.com.mx\/index.php?rest_route=%2Fwp%2Fv2%2Ftags&post=69263"}],"curies":[{"name":"wp","href":"https:\/\/api.w.org\/{rel}","templated":true}]}}