{"id":69266,"date":"2021-03-10T18:26:25","date_gmt":"2021-03-11T00:26:25","guid":{"rendered":"http:\/\/www.lospoliticosveracruz.com.mx\/?p=69266"},"modified":"2021-03-10T18:26:28","modified_gmt":"2021-03-11T00:26:28","slug":"cordoba-conectado-con-mas-red","status":"publish","type":"post","link":"https:\/\/lospoliticosveracruz.com.mx\/?p=69266","title":{"rendered":"C\u00f3rdoba Conectado \u00a1con m\u00e1s red!"},"content":{"rendered":"\n<p><strong>C\u00f3rdoba<\/strong><br>A tres semanas de su arranque, el programa C\u00f3rdoba Conectado ya opera once puntos de conexi\u00f3n gratuita a internet y en los pr\u00f3ximos d\u00edas ampliar\u00e1 su cobertura a otras siete locaciones p\u00fablicas con el objetivo de fomentar el acceso a la informaci\u00f3n, educaci\u00f3n, entretenimiento y oportunidades comerciales que se alojan en la red.<br>La presidenta Leticia L\u00f3pez Landero dijo que C\u00f3rdoba Conectado contribuye al fortalecimiento de las capacidades de las y los cordobeses, y cumple el compromiso municipal de dotar de acceso gratuito a internet a partir de espacios p\u00fablicos, como parques y mercados ubicados, en las zonas de mayor concentraci\u00f3n habitacional y de tr\u00e1nsito de personas.<br>Joaqu\u00edn Gonz\u00e1lez Dom\u00ednguez, director de tecnolog\u00edas de la informaci\u00f3n del Ayuntamiento de C\u00f3rdoba, inform\u00f3 que la conexi\u00f3n que se ofrece es de hasta 30 megabytes por segundo, y que cuenta con soporte t\u00e9cnico y de infraestructura. A\u00f1adi\u00f3 que los puntos de conexi\u00f3n a internet tienen la capacidad de brindar el servicio de calidad a m\u00faltiples usuarios de manera simult\u00e1nea sin complicaciones.<br>Indic\u00f3 que ya est\u00e1n en operaci\u00f3n los puntos de conexi\u00f3n en ubicados en las colonias Los Cerezos, San Jos\u00e9, Alameda, Santa Rita y El Pueblito, as\u00ed como en las comunidades San Jos\u00e9 Loma Grande, Tinajitas y San Rafael Caler\u00eda, adem\u00e1s de los parques 21 de mayo, Parque DIF y Alameda Murillo Vidal.<br>Adelant\u00f3 que por indicaciones de la Presidenta Municipal se ampliar\u00e1 la cobertura a los parques Quinto Centenario, Francisco I. Madero, San Miguel, Solidaridad y Benito Ju\u00e1rez, adem\u00e1s de los mercados Revoluci\u00f3n y La Isla.<br>L\u00f3pez Landero se\u00f1al\u00f3 que C\u00f3rdoba Conectado es un programa que tiene como objetivo acercar a las y los estudiantes de C\u00f3rdoba las herramientas tecnol\u00f3gicas y de telecomunicaci\u00f3n necesarias para que puedan continuar su formaci\u00f3n acad\u00e9mica a distancia, sin exponer su salud.<\/p>\n","protected":false},"excerpt":{"rendered":"<p>C\u00f3rdobaA tres semanas de su arranque, el programa C\u00f3rdoba Conectado ya opera once puntos de conexi\u00f3n gratuita a internet y en los pr\u00f3ximos d\u00edas ampliar\u00e1 su cobertura a otras siete locaciones p\u00fablicas con el objetivo de fomentar el acceso a la informaci\u00f3n, educaci\u00f3n, entretenimiento y oportunidades comerciales que se alojan en la red.La presidenta Leticia [&hellip;]<\/p>\n","protected":false},"author":2,"featured_media":0,"comment_status":"open","ping_status":"open","sticky":false,"template":"","format":"standard","meta":{"_jetpack_newsletter_access":"","_jetpack_dont_email_post_to_subs":false,"_jetpack_newsletter_tier_id":0,"_jetpack_memberships_contains_paywalled_content":false,"_jetpack_memberships_contains_paid_content":false,"footnotes":""},"categories":[73],"tags":[26660,7641,26661],"class_list":["post-69266","post","type-post","status-publish","format-standard","hentry","category-de-boleto","tag-joaquin-gonzalez-dominguez","tag-leticia-lopez-landero","tag-tecnologias-de-la-informacion"],"jetpack_featured_media_url":"","jetpack_sharing_enabled":true,"jetpack_shortlink":"https:\/\/wp.me\/p4Qcd3-i1c","_links":{"self":[{"href":"https:\/\/lospoliticosveracruz.com.mx\/index.php?rest_route=\/wp\/v2\/posts\/69266","targetHints":{"allow":["GET"]}}],"collection":[{"href":"https:\/\/lospoliticosveracruz.com.mx\/index.php?rest_route=\/wp\/v2\/posts"}],"about":[{"href":"https:\/\/lospoliticosveracruz.com.mx\/index.php?rest_route=\/wp\/v2\/types\/post"}],"author":[{"embeddable":true,"href":"https:\/\/lospoliticosveracruz.com.mx\/index.php?rest_route=\/wp\/v2\/users\/2"}],"replies":[{"embeddable":true,"href":"https:\/\/lospoliticosveracruz.com.mx\/index.php?rest_route=%2Fwp%2Fv2%2Fcomments&post=69266"}],"version-history":[{"count":1,"href":"https:\/\/lospoliticosveracruz.com.mx\/index.php?rest_route=\/wp\/v2\/posts\/69266\/revisions"}],"predecessor-version":[{"id":69268,"href":"https:\/\/lospoliticosveracruz.com.mx\/index.php?rest_route=\/wp\/v2\/posts\/69266\/revisions\/69268"}],"wp:attachment":[{"href":"https:\/\/lospoliticosveracruz.com.mx\/index.php?rest_route=%2Fwp%2Fv2%2Fmedia&parent=69266"}],"wp:term":[{"taxonomy":"category","embeddable":true,"href":"https:\/\/lospoliticosveracruz.com.mx\/index.php?rest_route=%2Fwp%2Fv2%2Fcategories&post=69266"},{"taxonomy":"post_tag","embeddable":true,"href":"https:\/\/lospoliticosveracruz.com.mx\/index.php?rest_route=%2Fwp%2Fv2%2Ftags&post=69266"}],"curies":[{"name":"wp","href":"https:\/\/api.w.org\/{rel}","templated":true}]}}