{"id":69277,"date":"2021-03-10T22:09:23","date_gmt":"2021-03-11T04:09:23","guid":{"rendered":"http:\/\/www.lospoliticosveracruz.com.mx\/?p=69277"},"modified":"2021-03-10T22:09:28","modified_gmt":"2021-03-11T04:09:28","slug":"david-velasco-y-la-alianza-morenista-quiso-charolear","status":"publish","type":"post","link":"https:\/\/lospoliticosveracruz.com.mx\/?p=69277","title":{"rendered":"David Velasco y la alianza \/ Morenista quiso charolear"},"content":{"rendered":"\n<p><strong>Enrique Yasser Pompeyo<\/strong><\/p>\n\n\n\n<p><em>Mesa de Redacci\u00f3n<br><\/em><\/p>\n\n\n\n<p>Una parte de la poblaci\u00f3n xalape\u00f1a exige y demanda un cambio de rumbo en la ciudad capital.<br>Varios sectores est\u00e1n decepcionados y tambi\u00e9n molestos por la actual administraci\u00f3n local de Morena.<br>La molestia de los xalape\u00f1os se debe a varias situaciones, entre estas, a la devoluci\u00f3n de millones de pesos a la Federaci\u00f3n en lugar de invertirse en obras, a la toma de decisiones unilaterales como la construcci\u00f3n de una p\u00e9rgola en el parque Ju\u00e1rez o el cobro ilegal de recursos por parte de CMAS.<br>Por ello, diferentes grupos sociales califican como positiva la alianza entre el PRI, PAN y PRD; adem\u00e1s, consideran que el personaje m\u00e1s viable para competir en los comicios por esa coalici\u00f3n partidista es David Velasco Chedraui.<br>El empresario capitalino ha manifestado que Xalapa necesita salir adelante porque se est\u00e1 cayendo, por la falta de empleo y desarrollo. \u201cSe tienen que generar m\u00e1s obras y aqu\u00ed las autoridades tienen mucho qu\u00e9 hacer\u201d, coment\u00f3, al se\u00f1alar que la experiencia con la que cuenta permitir\u00e1 concretar un proyecto que permita mejorar las condiciones de vida de los xalape\u00f1os.<br>Este mi\u00e9rcoles acudi\u00f3 ante el \u00d3rgano Auxiliar de la Comisi\u00f3n Estatal de Procesos Internos del PRI para registrarse como precandidato a la presidencia municipal de Xalapa, y ah\u00ed dijo que se encuentra listo para contender por las siglas del partido que le permiti\u00f3 ya ser alcalde y diputado local, pero que tambi\u00e9n espera que se concrete la alianza con PAN y PRD, porque \u201ces ben\u00e9fica para Xalapa y la gente la pide\u201d.<br>Si bien el plazo para el registro de candidatos por coaliciones es hasta el 15 de abril, precis\u00f3 que retrasar este proceso no es conveniente, \u201cla alianza es ben\u00e9fica para Xalapa; creo que es importante que se pongan bien de acuerdo las tres fuerzas para beneficio de Xalapa y de Veracruz\u201d.<br>El ex alcalde y ex diputado local expuso que los dirigentes del PRI, PAN y PRD est\u00e1n de acuerdo con la alianza en la capital, pues la ven con buenos ojos y s\u00f3lo falta detallar con las dirigencias nacionales de estas tres fuerzas pol\u00edticas para que salga la coalici\u00f3n \u201cVa por Veracruz\u201d en Xalapa.<br>Pero tambi\u00e9n dej\u00f3 en claro otro escenario. Si no se concretara la alianza con estas fuerzas pol\u00edticas, \u00e9l continuar\u00e1 en el proceso con el PRI, \u201cun partido que se encuentra fortalecido, con un avance incre\u00edble y creo que podr\u00edamos dar una gran batalla; yo veo mucho \u00e1nimo en la militancia. Muchos priistas en la pasada contienda se fueron a MORENA y veo que est\u00e1n regresando porque hay una gran decepci\u00f3n y ven bien al Partido Revolucionario Institucional\u201d.<br>El mito de la transformaci\u00f3n s\u00f3lo qued\u00f3 en eso. Los ciudadanos decidir\u00e1n el futuro y rumbo de Xalapa el pr\u00f3ximo 6 de junio.<\/p>\n\n\n\n<p><strong>TLALTETELA SE SUMA AL SOL AZTECA<br><\/strong>A mantenerse cercanos a los ciudadanos de la regi\u00f3n para ser el conducto que permita concretar un cambio para bien de los habitantes del municipio de Tlaltetela, fue el llamado de Balfred Mart\u00edn Carrasco Cast\u00e1n, secretario de Planeaci\u00f3n Estrat\u00e9gica y Organizaci\u00f3n Interna de la Direcci\u00f3n Estatal Ejecutiva del PRD en Veracruz al tomar protesta a los integrantes de la nueva Direcci\u00f3n Municipal.<br>Carrasco Cast\u00e1n llev\u00f3 a los militantes y simpatizantes del partido del Sol Azteca, el mensaje del presidente Sergio Cadena Mart\u00ednez de hermandad y construcci\u00f3n del di\u00e1logo que les permita cerrar filas y unir fuerzas para enfrentar la amenaza que representan quienes no saben gobernar y solo se dedican a ser corruptos, dejando de lado a las y los ciudadanos m\u00e1s vulnerables.<\/p>\n\n\n\n<p><strong>ASPIRANTE A ALCALD\u00cdA DE MART\u00cdNEZ QUISO CHAROLEAR<br><\/strong>La diputada local por el partido pol\u00edtico Morena, Adriana Esther Mart\u00ednez S\u00e1nchez, quien es precandidata a la alcald\u00eda de Mart\u00ednez de la Torre, acudi\u00f3 este mi\u00e9rcoles a la ciudad de Poza Rica en una camioneta sin placas y sin documentaci\u00f3n.<br>Por ello, llegaron elementos de la Polic\u00eda Vial para pedir los documentos respectivos y de acuerdo con el reporte en vivo que realizaron medios de comunicaci\u00f3n, la legisladora morenista intent\u00f3 presuntamente \u201ccharolear\u201d para que no fuera retenida la camioneta marca Chevrolet, modelo Tracker, color rojo, a\u00f1o 2021. Finalmente lleg\u00f3 una gr\u00faa para remolcar la unidad m\u00f3vil al corral\u00f3n.<br>Los usuarios en redes sociales criticaron a la diputada Adriana Esther Mart\u00ednez S\u00e1nchez por su postura y cuestionaron que con esas actitudes prepotentes pretende ser alcaldesa de Mart\u00ednez de la Torre.<\/p>\n\n\n\n<p>enriquepompeyo@hotmail.com<\/p>\n","protected":false},"excerpt":{"rendered":"<p>Enrique Yasser Pompeyo Mesa de Redacci\u00f3n Una parte de la poblaci\u00f3n xalape\u00f1a exige y demanda un cambio de rumbo en la ciudad capital.Varios sectores est\u00e1n decepcionados y tambi\u00e9n molestos por la actual administraci\u00f3n local de Morena.La molestia de los xalape\u00f1os se debe a varias situaciones, entre estas, a la devoluci\u00f3n de millones de pesos a [&hellip;]<\/p>\n","protected":false},"author":2,"featured_media":0,"comment_status":"open","ping_status":"open","sticky":false,"template":"","format":"standard","meta":{"_jetpack_newsletter_access":"","_jetpack_dont_email_post_to_subs":false,"_jetpack_newsletter_tier_id":0,"_jetpack_memberships_contains_paywalled_content":false,"_jetpack_memberships_contains_paid_content":false,"footnotes":""},"categories":[70],"tags":[13249,786,15477,1026,107,7887,96],"class_list":["post-69277","post","type-post","status-publish","format-standard","hentry","category-de-opinion","tag-adriana-esther-martinez-sanchez","tag-cmas","tag-enrique-yasser-pompeyo","tag-morena","tag-prd","tag-sergio-cadena-martinez","tag-xalapa"],"jetpack_featured_media_url":"","jetpack_sharing_enabled":true,"jetpack_shortlink":"https:\/\/wp.me\/p4Qcd3-i1n","_links":{"self":[{"href":"https:\/\/lospoliticosveracruz.com.mx\/index.php?rest_route=\/wp\/v2\/posts\/69277","targetHints":{"allow":["GET"]}}],"collection":[{"href":"https:\/\/lospoliticosveracruz.com.mx\/index.php?rest_route=\/wp\/v2\/posts"}],"about":[{"href":"https:\/\/lospoliticosveracruz.com.mx\/index.php?rest_route=\/wp\/v2\/types\/post"}],"author":[{"embeddable":true,"href":"https:\/\/lospoliticosveracruz.com.mx\/index.php?rest_route=\/wp\/v2\/users\/2"}],"replies":[{"embeddable":true,"href":"https:\/\/lospoliticosveracruz.com.mx\/index.php?rest_route=%2Fwp%2Fv2%2Fcomments&post=69277"}],"version-history":[{"count":1,"href":"https:\/\/lospoliticosveracruz.com.mx\/index.php?rest_route=\/wp\/v2\/posts\/69277\/revisions"}],"predecessor-version":[{"id":69280,"href":"https:\/\/lospoliticosveracruz.com.mx\/index.php?rest_route=\/wp\/v2\/posts\/69277\/revisions\/69280"}],"wp:attachment":[{"href":"https:\/\/lospoliticosveracruz.com.mx\/index.php?rest_route=%2Fwp%2Fv2%2Fmedia&parent=69277"}],"wp:term":[{"taxonomy":"category","embeddable":true,"href":"https:\/\/lospoliticosveracruz.com.mx\/index.php?rest_route=%2Fwp%2Fv2%2Fcategories&post=69277"},{"taxonomy":"post_tag","embeddable":true,"href":"https:\/\/lospoliticosveracruz.com.mx\/index.php?rest_route=%2Fwp%2Fv2%2Ftags&post=69277"}],"curies":[{"name":"wp","href":"https:\/\/api.w.org\/{rel}","templated":true}]}}