{"id":69414,"date":"2021-03-14T09:33:21","date_gmt":"2021-03-14T15:33:21","guid":{"rendered":"http:\/\/www.lospoliticosveracruz.com.mx\/?p=69414"},"modified":"2021-03-14T09:33:25","modified_gmt":"2021-03-14T15:33:25","slug":"franco-el-lado-flaco-de-la-alianza","status":"publish","type":"post","link":"https:\/\/lospoliticosveracruz.com.mx\/?p=69414","title":{"rendered":"Franco, el lado flaco de la Alianza"},"content":{"rendered":"\n<p><strong>Ricardo Ch\u00faa<\/strong><\/p>\n\n\n\n<p><em>Sale y Vale<\/em><\/p>\n\n\n\n<p>DATO FRANCO\u2026 Despu\u00e9s de la detenci\u00f3n de Rogelio Franco, ex l\u00edder estatal del PRD, por presunta violencia familiar en contra de su ex esposa\u2026 Muchas historias y versiones se han dicho\u2026 Pero el DATO QUE VALE es que el ex secretario de Gobierno de Veracruz, si las autoridades del poder judicial, as\u00ed lo deciden, se puede QUEDAR ENCARCELADO hasta por un a\u00f1o\u2026 As\u00ed como lo leen\u2026 Franco tuvo la mala suerte de ser detenido, dos d\u00edas despu\u00e9s que el Congreso Local aprobara la NUEVA Reforma Penal\u2026 Ah\u00ed fue donde se jodi\u00f3\u2026<\/p>\n\n\n\n<p>Ya que al intentar detenerlo Franco puso resistencia\u2026 Y cuando le entregaron la orden de aprehensi\u00f3n para que la viera, LA ROMPI\u00d3 en presencia de los polic\u00edas ministeriales\u2026 Y eso se considera ULTRAJES A LA AUTORIDAD\u2026 Precisamente el pasado jueves, los diputados locales aprobaron que ese delito puede ser considerado como GRAVE\u2026 Por eso, no qued\u00f3 en libertad como muchos se\u00f1alaron\u2026 Si no se hubiera roto el oficio, con fianza hubiera sido liberado por el delito que se le acusaba\u2026 PERO NO\u2026<\/p>\n\n\n\n<p>Por esa raz\u00f3n, es dif\u00edcil, que en los pr\u00f3ximos d\u00edas alcance la libertad\u2026 Y si \u00abaprietan\u00bb al Poder Judicial de Veracruz por otros poderes estatales\u2026. Se puede quedar todo un a\u00f1o en prisi\u00f3n preventiva\u2026 Ya que \u00e9l fue detenido en Tuxpan, por una orden girada por un Juez de Pacho Viejo\u2026 Tendr\u00e1 que enfrentar la acusaci\u00f3n all\u00e1 en aquella ciudad\u2026 Y luego ser trasladado a Pacho para enfrentar el tema del delito de violencia familiar.. En pocas palabras, si no quieren, no lo dejan salir\u2026 PA SUERTE\u2026 ESTE ARROZ PARECE QUE YA SE COCI\u00d3\u2026<\/p>\n\n\n\n<p>ROGELIO FRANCO, LA VERDADERA HISTORIA\u2026 Despu\u00e9s que en este espacio publicamos ayer por la ma\u00f1ana, que estaban detr\u00e1s de Rogelio Franco PRESUNTAMENTE investigado por la FGR y FGE por delitos de malversaci\u00f3n de recursos federales y por temas familiares, antes del mediod\u00eda del s\u00e1bado, elementos de la Polic\u00eda Ministerial de Veracruz intentaron DETENERLO por los delitos de violencia intrafamiliar en contra de su ex esposa\u2026 PERO ESTO NO EMPEZ\u00d3 AH\u00cd\u2026<\/p>\n\n\n\n<p>Todo comenz\u00f3 el pasado jueves cuando por la ma\u00f1ana, de un tel\u00e9fono privado, llam\u00f3 un PODEROSO conocido que radica en CDMX\u2026 Hombre enterado de vidas y fortunas de pol\u00edticos veracruzanos de anta\u00f1o y ahora, y dijo: \u00abChecate, van por Franco, lo quieren trabar, exhibir y -embarrar- a la alianza, v\u00eda el PRD, quieren fregar a Los Yunes y de paso darle un rasp\u00f3n a \u00ab-El Chapo- y Marl\u00f3n, aun no tengo el dato, si es por tema parecido al de Gabriel Deantes por desv\u00edos de recursos o por su pleito con su ex esposa\u00bb\u2026 48 horas despu\u00e9s, su dato era cierto\u2026<\/p>\n\n\n\n<p>Adem\u00e1s solt\u00f3: \u00abNo ser\u00e1 el \u00fanico, est\u00e1n investigando a varios, pero checaron que Franco es el m\u00e1s vulnerable, anda confiado, sus amigos le han dicho que ande con tiento, pero parece no importarle. Despu\u00e9s de lo de Fernando con Cuitl\u00e1huac, es qui\u00e9n m\u00e1s debe tener cuidado porque es el operador de Miguel en el PRD, pero all\u00e1 \u00e9l, s\u00e9 que el OPLE lo investiga, como al ChiquiYunes el TEV tambi\u00e9n lo anda investigando con lo de su residencia, ya en Palacio de Gobierno est\u00e1n muy enojados, esos cabrones si no tienen cuidado los apa\u00f1an\u00bb\u2026<\/p>\n\n\n\n<p>Y termin\u00f3: \u00abAsi que checalo porque los n\u00fameros no favorecen a MORENA en Veracruz y Exsome anda haci\u00e9ndole al -loco- con lo de su candidatura y ya Nahle se enoj\u00f3\u2026 Franco se supone que anda amparado pero en Veracruz si quieren, lo friegan por cualquier cosa.., Te paso el dato, ac\u00e1 lo escuche, pero checa por donde viene el -golpe-, Franco no es pieza clave pero \u00abembarra\u00bb a la alianza, checa porque a lo mejor la pr\u00f3xima semana pueda haber sorpresas. Te saludo pronto. Bye\u00bb\u2026 As\u00ed acab\u00f3 la llamada, ya lo dem\u00e1s es historia\u2026.<\/p>\n\n\n\n<p>Al colgar el tel\u00e9fono\u2026 Horas despu\u00e9s, sus datos empezaron a ser ciertos\u2026 MORENA pidi\u00f3 ese jueves al OPLE que le negara registro a Rogelio Franco, como candidato a diputado local por el PRD v\u00eda plurinominal\u2026 24 horas m\u00e1s tarde Miguel Angel Yunes M\u00e1rquez PIERDE una impugnaci\u00f3n para que el Tribunal Electoral de Veracruz, no pueda investigar el tema de su residencia del puerto de Veracruz, con dependencias federales, estatales y sector privado\u2026 Ayer s\u00e1bado la FGE detiene a Franco\u2026 EN POL\u00cdTICA, LAS CASUALIDADES NO EXISTEN\u2026<\/p>\n\n\n\n<p>Al final\u2026 A Rogelio Franco por tener ANTECEDENTES PENALES lo sacas de la \u00abjugada\u00bb electoral y no le dar\u00e1n su diputaci\u00f3n local plurinominal\u2026 Adem\u00e1s lo ridiculizas\u2026 M\u00e1s ahora que en Veracruz est\u00e1 de moda acabar con la violencia contra la mujer y la violencia pol\u00edtica de g\u00e9nero\u2026 \u00bfQui\u00e9n podr\u00eda acusar a la FGE de no aplicar la ley?\u2026 Canijo pero cierto\u2026 Y como dice \u00abGarganta Profunda\u00bb que \u00abvan por m\u00e1s, Rogelio no es el \u00fanico\u00bb\u2026 Tal como dijimos ayer a Franco: El que avisa, no traiciona\u2026 TAN AVISAOS\u2026<\/p>\n\n\n\n<p>EXCLUSIVA\u2026 Nos cuentan que seg\u00fan los n\u00fameros que han sacado partidos de oposici\u00f3n que van en alianza en Veracruz a las diputaciones federales\u2026 Se\u00f1alan que al menos en los 20 distritos electorales que hay en disputa en la entidad\u2026 Ya en sus \u00faltimos conteos reales, no de las encuestas contratadas desde Palacio Nacional por el tema Veracruz, se tienen grandes posibilidades de triunfo en 14 distritos\u2026 3 m\u00e1s estar\u00edan en disputa\u2026 Las otras 3 les ser\u00e1 dif\u00edcil el triunfo por el posicionamiento que tiene MORENA en la regi\u00f3n\u2026<\/p>\n\n\n\n<p>De presentarse este caso en la entidad\u2026 Ser\u00e1 una derrota inminente contra el gobierno federal de Andr\u00e9s Manuel L\u00f3pez Obrador, sus programas sociales y su pol\u00edtica de la Cuarta Transformaci\u00f3n\u2026 Las condiciones est\u00e1n dadas\u2026 Pandemia del Covid sin freno\u2026 No hay vacunas suficientes para combatir el Coronavirus\u2026 La gasolina sigue a la alza y tambi\u00e9n sin freno\u2026 La crisis econ\u00f3mica se agudiza\u2026 El d\u00f3lar no baja\u2026 Y la sociedad est\u00e1 partida pol\u00edtica y socialmente\u2026 No ser\u00eda nada raro este escenario\u2026.<\/p>\n\n\n\n<p>Esto a pesar de que se puede dar un leve repunte del gobierno de AMLO porque las vacunas est\u00e1n llegando a los adultos mayores\u2026 Pero a los dem\u00e1s \u00bfcu\u00e1ndo?\u2026 Personal de salud, maestros, ni\u00f1os y adolescentes para regresar a las clases presenciales\u2026 Esto le pega con todo al gobierno de L\u00f3pez Obrador\u2026 Es el \u00abtigre\u00bb que se le \u00absolt\u00f3\u00bb a partir del 2020, con el que tanto amenaz\u00f3 a Pe\u00f1a Nieto y al PRI\u2026 Ahora se ha vuelto en su contra\u2026 Es a lo que la oposici\u00f3n le apuesta..<\/p>\n\n\n\n<p>Lo peor de todo para L\u00f3pez Obrador, es que el rev\u00e9s no ser\u00e1 de un partido pol\u00edtico o neoliberales\u2026 Sino de la sociedad civil que saldr\u00e1 a calificarlo\u2026 Que ser\u00e1 una se\u00f1al clave para el 2022 y la revocaci\u00f3n de mandato\u2026 Y un panorama que habr\u00e1 para el 2024\u2026 Ese es el \u00abTigre que se le solt\u00f3\u00bb\u2026 Ya que en caso de Veracruz, perder 17 distritos en 2021 cuando en 2018 fueron los mismos que le ganaste a la oposici\u00f3n\u2026 Ese escenario de presentarse s\u00f3lo tendr\u00eda una lectura: AMLO EST\u00c1S REPROBADO\u2026 REQUIEM\u2026<\/p>\n","protected":false},"excerpt":{"rendered":"<p>Ricardo Ch\u00faa Sale y Vale DATO FRANCO\u2026 Despu\u00e9s de la detenci\u00f3n de Rogelio Franco, ex l\u00edder estatal del PRD, por presunta violencia familiar en contra de su ex esposa\u2026 Muchas historias y versiones se han dicho\u2026 Pero el DATO QUE VALE es que el ex secretario de Gobierno de Veracruz, si las autoridades del poder [&hellip;]<\/p>\n","protected":false},"author":2,"featured_media":0,"comment_status":"open","ping_status":"open","sticky":false,"template":"","format":"standard","meta":{"_jetpack_newsletter_access":"","_jetpack_dont_email_post_to_subs":false,"_jetpack_newsletter_tier_id":0,"_jetpack_memberships_contains_paywalled_content":false,"_jetpack_memberships_contains_paid_content":false,"footnotes":""},"categories":[70],"tags":[1884,107,13604,26725,195],"class_list":["post-69414","post","type-post","status-publish","format-standard","hentry","category-de-opinion","tag-gabriel-deantes","tag-prd","tag-ricardo-chua","tag-ultrajes-a-la-autoridad","tag-veracruz"],"jetpack_featured_media_url":"","jetpack_sharing_enabled":true,"jetpack_shortlink":"https:\/\/wp.me\/p4Qcd3-i3A","_links":{"self":[{"href":"https:\/\/lospoliticosveracruz.com.mx\/index.php?rest_route=\/wp\/v2\/posts\/69414","targetHints":{"allow":["GET"]}}],"collection":[{"href":"https:\/\/lospoliticosveracruz.com.mx\/index.php?rest_route=\/wp\/v2\/posts"}],"about":[{"href":"https:\/\/lospoliticosveracruz.com.mx\/index.php?rest_route=\/wp\/v2\/types\/post"}],"author":[{"embeddable":true,"href":"https:\/\/lospoliticosveracruz.com.mx\/index.php?rest_route=\/wp\/v2\/users\/2"}],"replies":[{"embeddable":true,"href":"https:\/\/lospoliticosveracruz.com.mx\/index.php?rest_route=%2Fwp%2Fv2%2Fcomments&post=69414"}],"version-history":[{"count":1,"href":"https:\/\/lospoliticosveracruz.com.mx\/index.php?rest_route=\/wp\/v2\/posts\/69414\/revisions"}],"predecessor-version":[{"id":69415,"href":"https:\/\/lospoliticosveracruz.com.mx\/index.php?rest_route=\/wp\/v2\/posts\/69414\/revisions\/69415"}],"wp:attachment":[{"href":"https:\/\/lospoliticosveracruz.com.mx\/index.php?rest_route=%2Fwp%2Fv2%2Fmedia&parent=69414"}],"wp:term":[{"taxonomy":"category","embeddable":true,"href":"https:\/\/lospoliticosveracruz.com.mx\/index.php?rest_route=%2Fwp%2Fv2%2Fcategories&post=69414"},{"taxonomy":"post_tag","embeddable":true,"href":"https:\/\/lospoliticosveracruz.com.mx\/index.php?rest_route=%2Fwp%2Fv2%2Ftags&post=69414"}],"curies":[{"name":"wp","href":"https:\/\/api.w.org\/{rel}","templated":true}]}}