{"id":69428,"date":"2021-03-14T15:21:10","date_gmt":"2021-03-14T21:21:10","guid":{"rendered":"http:\/\/www.lospoliticosveracruz.com.mx\/?p=69428"},"modified":"2021-03-14T15:21:14","modified_gmt":"2021-03-14T21:21:14","slug":"pide-tato-a-prd-bajar-a-franco-como-pluri","status":"publish","type":"post","link":"https:\/\/lospoliticosveracruz.com.mx\/?p=69428","title":{"rendered":"Pide Tato a PRD, bajar a Franco como Pluri"},"content":{"rendered":"\n<p><\/p>\n\n\n\n<p><em>Xalapa<\/em><br>La dirigencia estatal del partido Fuerza por M\u00e9xico en Veracruz expres\u00f3 su respaldo a las acciones emprendidas por las autoridades de Veracruz en el combate a la violencia contra las mujeres.<\/p>\n\n\n\n<p>El dirigente estatal Eduardo Vega Yunes se refiri\u00f3 a la reciente detenci\u00f3n de Rogelio \u201cN\u201d, quien se desempe\u00f1ara como secretario de Gobierno durante el bienio encabezado por Miguel \u00c1ngel Yunes Linares.<\/p>\n\n\n\n<p>Al respecto, llam\u00f3 a los actores pol\u00edticos de la entidad a no enturbiar el proceso judicial en curso y permitir que las autoridades hagan su trabajo en estricto apego a derecho.<\/p>\n\n\n\n<p>Incluso, Vega Yunes exhort\u00f3 a la dirigencia del Partido de la Revoluci\u00f3n Democr\u00e1tica (PRD) a cancelar la eventual nominaci\u00f3n de Rogelio \u201cN\u201d a un cargo de elecci\u00f3n popular hasta que no concluya el proceso penal que enfrenta, pues de no hacerlo, enviar\u00eda un mensaje confuso a la sociedad y se podr\u00eda pensar que con ello buscan inmunidad para un presunto transgresor de la ley.<\/p>\n\n\n\n<p>Record\u00f3 que en el marco del D\u00eda Internacional de la Mujer, los partidos pol\u00edticos hicieron pronunciamientos de apoyo a este sector; sin embargo, en los hechos se contradicen, pues anteponen sus intereses electorales.<\/p>\n\n\n\n<p>Por ello, insisti\u00f3 en la necesidad de que las fuerzas pol\u00edticas respalden la labor de las autoridades y se sumen a un esfuerzo transversal de combate a la violencia contra las mujeres en cualquiera de sus modalidades.<\/p>\n","protected":false},"excerpt":{"rendered":"<p>XalapaLa dirigencia estatal del partido Fuerza por M\u00e9xico en Veracruz expres\u00f3 su respaldo a las acciones emprendidas por las autoridades de Veracruz en el combate a la violencia contra las mujeres. El dirigente estatal Eduardo Vega Yunes se refiri\u00f3 a la reciente detenci\u00f3n de Rogelio \u201cN\u201d, quien se desempe\u00f1ara como secretario de Gobierno durante el [&hellip;]<\/p>\n","protected":false},"author":2,"featured_media":0,"comment_status":"open","ping_status":"open","sticky":false,"template":"","format":"standard","meta":{"_jetpack_newsletter_access":"","_jetpack_dont_email_post_to_subs":false,"_jetpack_newsletter_tier_id":0,"_jetpack_memberships_contains_paywalled_content":false,"_jetpack_memberships_contains_paid_content":false,"footnotes":""},"categories":[73],"tags":[107,249,195],"class_list":["post-69428","post","type-post","status-publish","format-standard","hentry","category-de-boleto","tag-prd","tag-tato-vega-yunes","tag-veracruz"],"jetpack_featured_media_url":"","jetpack_sharing_enabled":true,"jetpack_shortlink":"https:\/\/wp.me\/p4Qcd3-i3O","_links":{"self":[{"href":"https:\/\/lospoliticosveracruz.com.mx\/index.php?rest_route=\/wp\/v2\/posts\/69428","targetHints":{"allow":["GET"]}}],"collection":[{"href":"https:\/\/lospoliticosveracruz.com.mx\/index.php?rest_route=\/wp\/v2\/posts"}],"about":[{"href":"https:\/\/lospoliticosveracruz.com.mx\/index.php?rest_route=\/wp\/v2\/types\/post"}],"author":[{"embeddable":true,"href":"https:\/\/lospoliticosveracruz.com.mx\/index.php?rest_route=\/wp\/v2\/users\/2"}],"replies":[{"embeddable":true,"href":"https:\/\/lospoliticosveracruz.com.mx\/index.php?rest_route=%2Fwp%2Fv2%2Fcomments&post=69428"}],"version-history":[{"count":1,"href":"https:\/\/lospoliticosveracruz.com.mx\/index.php?rest_route=\/wp\/v2\/posts\/69428\/revisions"}],"predecessor-version":[{"id":69430,"href":"https:\/\/lospoliticosveracruz.com.mx\/index.php?rest_route=\/wp\/v2\/posts\/69428\/revisions\/69430"}],"wp:attachment":[{"href":"https:\/\/lospoliticosveracruz.com.mx\/index.php?rest_route=%2Fwp%2Fv2%2Fmedia&parent=69428"}],"wp:term":[{"taxonomy":"category","embeddable":true,"href":"https:\/\/lospoliticosveracruz.com.mx\/index.php?rest_route=%2Fwp%2Fv2%2Fcategories&post=69428"},{"taxonomy":"post_tag","embeddable":true,"href":"https:\/\/lospoliticosveracruz.com.mx\/index.php?rest_route=%2Fwp%2Fv2%2Ftags&post=69428"}],"curies":[{"name":"wp","href":"https:\/\/api.w.org\/{rel}","templated":true}]}}