{"id":69431,"date":"2021-03-14T16:34:32","date_gmt":"2021-03-14T22:34:32","guid":{"rendered":"http:\/\/www.lospoliticosveracruz.com.mx\/?p=69431"},"modified":"2021-03-14T16:44:24","modified_gmt":"2021-03-14T22:44:24","slug":"mas-que-detencion-fue-levanton","status":"publish","type":"post","link":"https:\/\/lospoliticosveracruz.com.mx\/?p=69431","title":{"rendered":"M\u00e1s que detenci\u00f3n, fue Levant\u00f3n!"},"content":{"rendered":"\n<p>De acuerdo al documento certificado por la Secretaria del Juzgado Primero de Distrito en el Estado de Veracruz, Mar\u00eda del Pilar Ortiz Soto, a Rogelio Franco le fue concedida la suspensi\u00f3n provisional el pasado viernes 12 del presente mes, siendo detenido un d\u00eda despu\u00e9s, el d\u00eda s\u00e1bado 13, en Tuxpan.<\/p>\n\n\n\n<p>Las autoridades judiciales, al darse cuenta que no pod\u00edan ejecutar la orden de aprehensi\u00f3n contra Rogelio Franco le inventan el delito de ultraje a la autoridad para, de esta forma, justificar lo que fue a todas luces fue un \u201clevant\u00f3n\u201d.<\/p>\n\n\n\n<p>Aprovech\u00e1ndose de la nueva reforma al C\u00f3digo Penal del Estado de Veracruz, Rogelio Franco fue retenido indebidamente y hacer un esc\u00e1ndalo medi\u00e1tico.<\/p>\n\n\n\n<p>La copia expedida por el Juzgado Primero de Distrito certifica lo siguiente:<\/p>\n\n\n\n<p>Que la presente copia compuesta de tres fojas utilizadas concuerda fielmente con su original que obra en autos de incidente de suspensi\u00f3n relativo al juicio de amparo 174\/2021, promovido por Rogelio Franco Cast\u00e1n, por propio derecho, contra actos del Juez de Control del Juzgado de Proceso y Procedimiento Penal Oral del D\u00e9cimo Primer Distrito Judicial de Xalapa, con sede en Pacho Viejo, Veracruz y otras autoridades, misma que certifica para ser entregada al autorizado de la parte quejosa, en cumplimiento a lo ordenado en prove\u00eddo de doce de marzo del a\u00f1o en curso.<\/p>\n\n\n\n<figure class=\"wp-block-gallery columns-2 is-cropped wp-block-gallery-1 is-layout-flex wp-block-gallery-is-layout-flex\"><ul class=\"blocks-gallery-grid\"><li class=\"blocks-gallery-item\"><figure><a href=\"http:\/\/www.lospoliticosveracruz.com.mx\/wp-content\/uploads\/2021\/03\/5F9E945E-4EA7-4535-B4A7-9BE23C9E1684-e1615761819946.jpeg\"><img decoding=\"async\" src=\"http:\/\/www.lospoliticosveracruz.com.mx\/wp-content\/uploads\/2021\/03\/5F9E945E-4EA7-4535-B4A7-9BE23C9E1684-672x1024.jpeg\" alt=\"\" data-id=\"69434\" data-full-url=\"http:\/\/www.lospoliticosveracruz.com.mx\/wp-content\/uploads\/2021\/03\/5F9E945E-4EA7-4535-B4A7-9BE23C9E1684-e1615761819946.jpeg\" data-link=\"http:\/\/www.lospoliticosveracruz.com.mx\/?attachment_id=69434\" class=\"wp-image-69434\"\/><\/a><\/figure><\/li><li class=\"blocks-gallery-item\"><figure><a href=\"http:\/\/www.lospoliticosveracruz.com.mx\/wp-content\/uploads\/2021\/03\/1AEF9999-9C0B-4EB6-B577-EC9E87E77519-e1615761801242.jpeg\"><img decoding=\"async\" src=\"http:\/\/www.lospoliticosveracruz.com.mx\/wp-content\/uploads\/2021\/03\/1AEF9999-9C0B-4EB6-B577-EC9E87E77519-683x1024.jpeg\" alt=\"\" data-id=\"69433\" data-full-url=\"http:\/\/www.lospoliticosveracruz.com.mx\/wp-content\/uploads\/2021\/03\/1AEF9999-9C0B-4EB6-B577-EC9E87E77519-e1615761801242.jpeg\" data-link=\"http:\/\/www.lospoliticosveracruz.com.mx\/?attachment_id=69433\" class=\"wp-image-69433\"\/><\/a><\/figure><\/li><\/ul><\/figure>\n","protected":false},"excerpt":{"rendered":"<p>De acuerdo al documento certificado por la Secretaria del Juzgado Primero de Distrito en el Estado de Veracruz, Mar\u00eda del Pilar Ortiz Soto, a Rogelio Franco le fue concedida la suspensi\u00f3n provisional el pasado viernes 12 del presente mes, siendo detenido un d\u00eda despu\u00e9s, el d\u00eda s\u00e1bado 13, en Tuxpan. Las autoridades judiciales, al darse [&hellip;]<\/p>\n","protected":false},"author":2,"featured_media":0,"comment_status":"open","ping_status":"open","sticky":false,"template":"","format":"standard","meta":{"_jetpack_newsletter_access":"","_jetpack_dont_email_post_to_subs":false,"_jetpack_newsletter_tier_id":0,"_jetpack_memberships_contains_paywalled_content":false,"_jetpack_memberships_contains_paid_content":false,"footnotes":""},"categories":[73],"tags":[9860,808],"class_list":["post-69431","post","type-post","status-publish","format-standard","hentry","category-de-boleto","tag-ministeriales","tag-rogelio-franco-castan"],"jetpack_featured_media_url":"","jetpack_sharing_enabled":true,"jetpack_shortlink":"https:\/\/wp.me\/p4Qcd3-i3R","_links":{"self":[{"href":"https:\/\/lospoliticosveracruz.com.mx\/index.php?rest_route=\/wp\/v2\/posts\/69431","targetHints":{"allow":["GET"]}}],"collection":[{"href":"https:\/\/lospoliticosveracruz.com.mx\/index.php?rest_route=\/wp\/v2\/posts"}],"about":[{"href":"https:\/\/lospoliticosveracruz.com.mx\/index.php?rest_route=\/wp\/v2\/types\/post"}],"author":[{"embeddable":true,"href":"https:\/\/lospoliticosveracruz.com.mx\/index.php?rest_route=\/wp\/v2\/users\/2"}],"replies":[{"embeddable":true,"href":"https:\/\/lospoliticosveracruz.com.mx\/index.php?rest_route=%2Fwp%2Fv2%2Fcomments&post=69431"}],"version-history":[{"count":2,"href":"https:\/\/lospoliticosveracruz.com.mx\/index.php?rest_route=\/wp\/v2\/posts\/69431\/revisions"}],"predecessor-version":[{"id":69438,"href":"https:\/\/lospoliticosveracruz.com.mx\/index.php?rest_route=\/wp\/v2\/posts\/69431\/revisions\/69438"}],"wp:attachment":[{"href":"https:\/\/lospoliticosveracruz.com.mx\/index.php?rest_route=%2Fwp%2Fv2%2Fmedia&parent=69431"}],"wp:term":[{"taxonomy":"category","embeddable":true,"href":"https:\/\/lospoliticosveracruz.com.mx\/index.php?rest_route=%2Fwp%2Fv2%2Fcategories&post=69431"},{"taxonomy":"post_tag","embeddable":true,"href":"https:\/\/lospoliticosveracruz.com.mx\/index.php?rest_route=%2Fwp%2Fv2%2Ftags&post=69431"}],"curies":[{"name":"wp","href":"https:\/\/api.w.org\/{rel}","templated":true}]}}