{"id":69442,"date":"2021-03-14T19:02:43","date_gmt":"2021-03-15T01:02:43","guid":{"rendered":"http:\/\/www.lospoliticosveracruz.com.mx\/?p=69442"},"modified":"2021-03-14T19:02:48","modified_gmt":"2021-03-15T01:02:48","slug":"cordoba-se-pinta-de-amarillo","status":"publish","type":"post","link":"https:\/\/lospoliticosveracruz.com.mx\/?p=69442","title":{"rendered":"C\u00f3rdoba se pinta de Amarillo!"},"content":{"rendered":"\n<p><em>C\u00f3rdoba<\/em><\/p>\n\n\n\n<p>C\u00f3rdoba pas\u00f3 a color amarillo del sem\u00e1foro epidemiol\u00f3gico para el per\u00edodo del lunes 15 al domingo 28 de marzo, inform\u00f3 el doctor Israel Alejandro Lara Guti\u00e9rrez, titular de la jefatura de salud municipal.<\/p>\n\n\n\n<p>Dijo que si bien el riesgo de transmisi\u00f3n pas\u00f3 de alto a medio, se mantendr\u00e1n medidas sanitarias: \u201cEl virus sigue latente en C\u00f3rdoba. Afortunadamente baj\u00f3 la ocupaci\u00f3n de camas hospitalarias y eso nos da la nueva semaforizaci\u00f3n, pero no debemos bajar la guardia y seguir los protocolos sanitarios para evitar un aumento en el n\u00famero de casos positivos de COVID19\u201d, asever\u00f3.<\/p>\n\n\n\n<p>Indic\u00f3 que C\u00f3rdoba se mantiene a la espera de que se confirmen sedes y se asignen fechas para llevar a cabo las jornadas de vacunaci\u00f3n antiCOVID, mismas que contar\u00e1n con la colaboraci\u00f3n entre los diferentes \u00f3rdenes de gobierno para facilitar el proceso de inoculaci\u00f3n.<\/p>\n\n\n\n<p>Lara Guti\u00e9rrez precis\u00f3 que el Ayuntamiento de C\u00f3rdoba mantiene acciones preventivas ante el COVID, las cuales han funcionado. Convoc\u00f3 a la ciudadan\u00eda a mantener la aplicaci\u00f3n de los protocolos sanitarios para que se refuerce la vigencia del sem\u00e1foro amarillo en el municipio.<\/p>\n\n\n\n<p>El Jefe de Salud del Ayuntamiento de C\u00f3rdoba se\u00f1al\u00f3 que al pasar a sem\u00e1foro amarillo se permitir\u00e1 la apertura de espacios de entretenimiento y se permitir\u00e1n eventos p\u00fablicos a una capacidad del 50% del aforo; mientras, que las actividades esenciales y estrat\u00e9gicas podr\u00e1n mantenerse al 100% y los servicios a un 75% de su operatividad.<\/p>\n","protected":false},"excerpt":{"rendered":"<p>C\u00f3rdoba C\u00f3rdoba pas\u00f3 a color amarillo del sem\u00e1foro epidemiol\u00f3gico para el per\u00edodo del lunes 15 al domingo 28 de marzo, inform\u00f3 el doctor Israel Alejandro Lara Guti\u00e9rrez, titular de la jefatura de salud municipal. Dijo que si bien el riesgo de transmisi\u00f3n pas\u00f3 de alto a medio, se mantendr\u00e1n medidas sanitarias: \u201cEl virus sigue latente [&hellip;]<\/p>\n","protected":false},"author":2,"featured_media":0,"comment_status":"open","ping_status":"open","sticky":false,"template":"","format":"standard","meta":{"_jetpack_newsletter_access":"","_jetpack_dont_email_post_to_subs":false,"_jetpack_newsletter_tier_id":0,"_jetpack_memberships_contains_paywalled_content":false,"_jetpack_memberships_contains_paid_content":false,"footnotes":""},"categories":[73],"tags":[751,26577,18970],"class_list":["post-69442","post","type-post","status-publish","format-standard","hentry","category-de-boleto","tag-cordoba","tag-covid-19-2","tag-semaforo-epidemiologico"],"jetpack_featured_media_url":"","jetpack_sharing_enabled":true,"jetpack_shortlink":"https:\/\/wp.me\/p4Qcd3-i42","_links":{"self":[{"href":"https:\/\/lospoliticosveracruz.com.mx\/index.php?rest_route=\/wp\/v2\/posts\/69442","targetHints":{"allow":["GET"]}}],"collection":[{"href":"https:\/\/lospoliticosveracruz.com.mx\/index.php?rest_route=\/wp\/v2\/posts"}],"about":[{"href":"https:\/\/lospoliticosveracruz.com.mx\/index.php?rest_route=\/wp\/v2\/types\/post"}],"author":[{"embeddable":true,"href":"https:\/\/lospoliticosveracruz.com.mx\/index.php?rest_route=\/wp\/v2\/users\/2"}],"replies":[{"embeddable":true,"href":"https:\/\/lospoliticosveracruz.com.mx\/index.php?rest_route=%2Fwp%2Fv2%2Fcomments&post=69442"}],"version-history":[{"count":1,"href":"https:\/\/lospoliticosveracruz.com.mx\/index.php?rest_route=\/wp\/v2\/posts\/69442\/revisions"}],"predecessor-version":[{"id":69444,"href":"https:\/\/lospoliticosveracruz.com.mx\/index.php?rest_route=\/wp\/v2\/posts\/69442\/revisions\/69444"}],"wp:attachment":[{"href":"https:\/\/lospoliticosveracruz.com.mx\/index.php?rest_route=%2Fwp%2Fv2%2Fmedia&parent=69442"}],"wp:term":[{"taxonomy":"category","embeddable":true,"href":"https:\/\/lospoliticosveracruz.com.mx\/index.php?rest_route=%2Fwp%2Fv2%2Fcategories&post=69442"},{"taxonomy":"post_tag","embeddable":true,"href":"https:\/\/lospoliticosveracruz.com.mx\/index.php?rest_route=%2Fwp%2Fv2%2Ftags&post=69442"}],"curies":[{"name":"wp","href":"https:\/\/api.w.org\/{rel}","templated":true}]}}